{"id":12502,"date":"2015-01-25T13:00:55","date_gmt":"2015-01-25T16:00:55","guid":{"rendered":"http:\/\/www.yungayino.cl\/noticias\/?p=12502"},"modified":"2015-01-26T10:47:17","modified_gmt":"2015-01-26T13:47:17","slug":"mas-de-18-mil-personas-repletaron-el-recinto-trilaleo-en-tradicional-fogata-de-la-amistad-en-semana-yungayina-2015","status":"publish","type":"post","link":"https:\/\/www.yungayino.cl\/noticias\/?p=12502","title":{"rendered":"M\u00e1s de 18 mil Personas Repletaron el Recinto Trilaleo en Tradicional Fogata de la Amistad en Semana Yungayina 2015"},"content":{"rendered":"<p style=\"text-align: justify;\">Yungay, con una multitudinaria concurrencia cercana a las 18 mil personas que repletaron el Recinto Trilaleo se llev\u00f3 a cabo este s\u00e1bado 24 de enero la \u00faltima jornada de la Semana Yungayina 2015, donde tambi\u00e9n se ejecuto la Tradicional Fogata de la Amistad.<\/p>\n<p style=\"text-align: justify;\">BANDA KARIBE<br \/>\nLa jornada se inicio a las 22:50 horas con la <strong>Banda Karibe<\/strong> y todo el ritmo tropical y sus cumbias. Para continuar y como todas las noches anteriores tambi\u00e9n subi\u00f3 al escenario el <strong>Team More<\/strong>, quienes hicieron participar al p\u00fablico a trav\u00e9s de sus coreograf\u00edas de baile y concursos.<\/p>\n<p><iframe loading=\"lazy\" src=\"\/\/www.youtube.com\/embed\/W6esa4lv0oM?rel=0\" width=\"560\" height=\"315\" frameborder=\"0\" allowfullscreen=\"allowfullscreen\"><\/iframe><\/p>\n<p style=\"text-align: justify;\">TOMO COMO REY<br \/>\nLuego fue el turno de <strong>Tomo como Rey<\/strong>, quienes prendieron al p\u00fablico con su variado repertorio musical ante un p\u00fablico que core\u00f3 cada uno de los temas que fueron acompa\u00f1ados de una iluminaci\u00f3n de primer nivel y la proyecci\u00f3n del concierto en pantallas a cargo de la productora MATHIEU y donde la animaci\u00f3n estuvo a cargo de Francisco Rivas de Concepci\u00f3n.<\/p>\n<p><iframe loading=\"lazy\" src=\"\/\/www.youtube.com\/embed\/XxJodXDH93w?rel=0\" width=\"560\" height=\"315\" frameborder=\"0\" allowfullscreen=\"allowfullscreen\"><\/iframe><\/p>\n<p style=\"text-align: justify;\">COMBO CON CLASE<br \/>\nContinuando con el show y la fiesta, se present\u00f3 al Grupo Tropical<strong> \u201cCombo con Clase\u201d, <\/strong>quienes deleitaron a los presentes con su tropical cumbia es decir mezcla de la cumbia chilena con salsa, merengue y otros estilos similares, pero ojo, siempre con clase. Destacar que en la ocasi\u00f3n el grupo recibi\u00f3 del Equipo del Portal Yungayino.cl un galvano de reconocimiento al \u201cArtista m\u00e1s Popular de la Semana Yungayina 2015\u201d, premio obtenido por la m\u00e1s alta votaci\u00f3n del p\u00fablico a trav\u00e9s de la ya tradicional encuesta realizada por quinto a\u00f1o consecutivo por el medio ciudadano de comunicaci\u00f3n local.<\/p>\n<p><iframe loading=\"lazy\" src=\"\/\/www.youtube.com\/embed\/-tNJ5CInz8c?rel=0\" width=\"560\" height=\"315\" frameborder=\"0\" allowfullscreen=\"allowfullscreen\"><\/iframe><\/p>\n<p style=\"text-align: justify;\">GIOLITO Y SU COMBO, LA NUEVA GENERACI\u00d3N<br \/>\nFinalmente cerca de las 03:00 horas de la madrugada se present\u00f3 <strong>Giolito y su Combo,<\/strong> este grupo musical hicieron bailar al p\u00fablico presente por m\u00e1s de una hora con lo mejor de la m\u00fasica popular bailable de todos los tiempos, incluyendo la pachanga y el rock latino.<\/p>\n<p><iframe loading=\"lazy\" src=\"\/\/www.youtube.com\/embed\/NN3wVKLabP0?rel=0\" width=\"560\" height=\"315\" frameborder=\"0\" allowfullscreen=\"allowfullscreen\"><\/iframe><\/p>\n<p style=\"text-align: justify;\">[su_button url=\u00bbhttps:\/\/www.facebook.com\/media\/set\/?set=a.1007534932594879.1073742436.159561284058919&amp;type=3&amp;uploaded=188&#8243; target=\u00bbblank\u00bb size=\u00bb7&#8243; radius=\u00bbround\u00bb icon=\u00bbicon: camera-retro\u00bb]Fotograf\u00edas &#8211; M\u00e1s de 18 mil Personas Repletaron el Recinto Trilaleo en Tradicional Fogata de la Amistad en Semana Yungayina 2015[\/su_button]<\/p>\n","protected":false},"excerpt":{"rendered":"<p>Yungay, con una multitudinaria concurrencia cercana a las 18 mil personas que repletaron el Recinto Trilaleo se llev\u00f3 a cabo este s\u00e1bado 24 de enero la \u00faltima jornada de la Semana Yungayina 2015, donde&#46;&#46;&#46;<\/p>\n","protected":false},"author":2,"featured_media":12505,"comment_status":"open","ping_status":"open","sticky":false,"template":"","format":"standard","meta":{"footnotes":""},"categories":[3,5,15],"tags":[1037,1036,154,1038,1115,1024,1039,8,6],"class_list":["post-12502","post","type-post","status-publish","format-standard","has-post-thumbnail","hentry","category-actualidad","category-eventos","category-turismo","tag-banda-karibe","tag-combo-con-clase","tag-fogata","tag-giolito-y-su-combo","tag-noticias","tag-semana-yungayina-2015","tag-tomo-como-rey","tag-yungay","tag-yungayino"],"_links":{"self":[{"href":"https:\/\/www.yungayino.cl\/noticias\/index.php?rest_route=\/wp\/v2\/posts\/12502","targetHints":{"allow":["GET"]}}],"collection":[{"href":"https:\/\/www.yungayino.cl\/noticias\/index.php?rest_route=\/wp\/v2\/posts"}],"about":[{"href":"https:\/\/www.yungayino.cl\/noticias\/index.php?rest_route=\/wp\/v2\/types\/post"}],"author":[{"embeddable":true,"href":"https:\/\/www.yungayino.cl\/noticias\/index.php?rest_route=\/wp\/v2\/users\/2"}],"replies":[{"embeddable":true,"href":"https:\/\/www.yungayino.cl\/noticias\/index.php?rest_route=%2Fwp%2Fv2%2Fcomments&post=12502"}],"version-history":[{"count":10,"href":"https:\/\/www.yungayino.cl\/noticias\/index.php?rest_route=\/wp\/v2\/posts\/12502\/revisions"}],"predecessor-version":[{"id":12513,"href":"https:\/\/www.yungayino.cl\/noticias\/index.php?rest_route=\/wp\/v2\/posts\/12502\/revisions\/12513"}],"wp:featuredmedia":[{"embeddable":true,"href":"https:\/\/www.yungayino.cl\/noticias\/index.php?rest_route=\/wp\/v2\/media\/12505"}],"wp:attachment":[{"href":"https:\/\/www.yungayino.cl\/noticias\/index.php?rest_route=%2Fwp%2Fv2%2Fmedia&parent=12502"}],"wp:term":[{"taxonomy":"category","embeddable":true,"href":"https:\/\/www.yungayino.cl\/noticias\/index.php?rest_route=%2Fwp%2Fv2%2Fcategories&post=12502"},{"taxonomy":"post_tag","embeddable":true,"href":"https:\/\/www.yungayino.cl\/noticias\/index.php?rest_route=%2Fwp%2Fv2%2Ftags&post=12502"}],"curies":[{"name":"wp","href":"https:\/\/api.w.org\/{rel}","templated":true}]}}