{"id":1253,"date":"2009-06-12T22:00:36","date_gmt":"2009-06-13T02:00:36","guid":{"rendered":"http:\/\/www.yungayino.cl\/noticias\/?p=1253"},"modified":"2009-06-23T18:30:06","modified_gmt":"2009-06-23T22:30:06","slug":"inauguracion-escuela-oficial-de-futbol-colo-colo-de-pemuco","status":"publish","type":"post","link":"https:\/\/www.yungayino.cl\/noticias\/?p=1253","title":{"rendered":"Inauguraci\u00f3n Escuela Oficial de Futbol Colo-Colo de Pemuco"},"content":{"rendered":"<p><img decoding=\"async\" src=\"http:\/\/www.yungayino.cl\/imagenes\/colo-colopemuco.jpg\" alt=\"Escuela Oficial de Futbol Colo-Colo de Pemuco\" \/><\/p>\n<p align=\"justify\"><font size=\"2\">Viernes 12 de junio se llevo a cabo la Ceremonia de inauguraci\u00f3n de la Escuela de F\u00fatbol Colo-Colo en Pemuco, esta escuela cuenta con la participaci\u00f3n de diferentes categor\u00edas en damas y varones dirigidos por profesionales del deporte y apoyados por la Municipalidad de Pemuco. A esta importante actividad se cont\u00f3 con la presencia del Director Nacional de la Escuela de Colo-Colo el destacado ex \u2013 futbolista y seleccionado Lizardo Garrido, qui\u00e9n llamo a apoyar la formaci\u00f3n de estos ni\u00f1os y j\u00f3venes  que en el futuro se pueden destacar en el deporte adem\u00e1s de mantener principios y valores que le permitan ser personas integras y de bien que ser\u00e1n un aporte para la sociedad. Tambi\u00e9n asisti\u00f3 el Alcalde Julio Mu\u00f1oz, los Diputados de la Rep\u00fablica Carlos Abel Jarpa y Rosauro Mart\u00ednez, Concejales, Santo Rubilar encargado de Deporte de la Municipalidad de Pemuco, Directores de Establecimientos Educacionales y p\u00fablico en general. Cabe mencionar la visita de la futura promesa local Kevin Leal Correa, quien se encuentra hace cuatro meses en la Escuela Cadetes de Colo-Colo bajo las instrucciones del reconocido jugador y ahora profesor Lu\u00eds P\u00e9rez. Una vez cortada la cinta inaugural los alumnos y p\u00fablico asistente tuvieron la oportunidad de sacarse fotograf\u00edas con Lizardo Garrido.<br \/>\n<a href=\"http:\/\/www.flickr.com\/photos\/35074048@N03\/tags\/escuelacolocolopemuco\/\">Fotograf\u00edas<\/a><br \/>\n<a href=\"http:\/\/www.yungayino.cl\/noticias\/?p=1253#comments\">Comente Aqu\u00ed<\/a><\/font><\/p>\n","protected":false},"excerpt":{"rendered":"<p>Viernes 12 de junio se llevo a cabo la Ceremonia de inauguraci\u00f3n de la Escuela de F\u00fatbol Colo-Colo en Pemuco, esta escuela cuenta con la participaci\u00f3n de diferentes categor\u00edas en damas y varones dirigidos&#46;&#46;&#46;<\/p>\n","protected":false},"author":2,"featured_media":15025,"comment_status":"open","ping_status":"open","sticky":false,"template":"","format":"standard","meta":{"footnotes":""},"categories":[17,1],"tags":[1120,1115,8,6],"class_list":["post-1253","post","type-post","status-publish","format-standard","has-post-thumbnail","hentry","category-deporte","category-noticias","tag-deporte","tag-noticias","tag-yungay","tag-yungayino"],"_links":{"self":[{"href":"https:\/\/www.yungayino.cl\/noticias\/index.php?rest_route=\/wp\/v2\/posts\/1253","targetHints":{"allow":["GET"]}}],"collection":[{"href":"https:\/\/www.yungayino.cl\/noticias\/index.php?rest_route=\/wp\/v2\/posts"}],"about":[{"href":"https:\/\/www.yungayino.cl\/noticias\/index.php?rest_route=\/wp\/v2\/types\/post"}],"author":[{"embeddable":true,"href":"https:\/\/www.yungayino.cl\/noticias\/index.php?rest_route=\/wp\/v2\/users\/2"}],"replies":[{"embeddable":true,"href":"https:\/\/www.yungayino.cl\/noticias\/index.php?rest_route=%2Fwp%2Fv2%2Fcomments&post=1253"}],"version-history":[{"count":6,"href":"https:\/\/www.yungayino.cl\/noticias\/index.php?rest_route=\/wp\/v2\/posts\/1253\/revisions"}],"predecessor-version":[{"id":1302,"href":"https:\/\/www.yungayino.cl\/noticias\/index.php?rest_route=\/wp\/v2\/posts\/1253\/revisions\/1302"}],"wp:featuredmedia":[{"embeddable":true,"href":"https:\/\/www.yungayino.cl\/noticias\/index.php?rest_route=\/wp\/v2\/media\/15025"}],"wp:attachment":[{"href":"https:\/\/www.yungayino.cl\/noticias\/index.php?rest_route=%2Fwp%2Fv2%2Fmedia&parent=1253"}],"wp:term":[{"taxonomy":"category","embeddable":true,"href":"https:\/\/www.yungayino.cl\/noticias\/index.php?rest_route=%2Fwp%2Fv2%2Fcategories&post=1253"},{"taxonomy":"post_tag","embeddable":true,"href":"https:\/\/www.yungayino.cl\/noticias\/index.php?rest_route=%2Fwp%2Fv2%2Ftags&post=1253"}],"curies":[{"name":"wp","href":"https:\/\/api.w.org\/{rel}","templated":true}]}}