{"id":12557,"date":"2015-02-04T23:00:04","date_gmt":"2015-02-05T02:00:04","guid":{"rendered":"http:\/\/www.yungayino.cl\/noticias\/?p=12557"},"modified":"2015-02-04T23:52:05","modified_gmt":"2015-02-05T02:52:05","slug":"valles-del-bio-bio-hace-un-llamado-a-utilizar-vias-alternativas-durante-los-fines-de-semana","status":"publish","type":"post","link":"https:\/\/www.yungayino.cl\/noticias\/?p=12557","title":{"rendered":"Valles del B\u00edo B\u00edo hace un llamado a utilizar v\u00edas alternativas durante los fines de semana"},"content":{"rendered":"<p style=\"text-align: justify;\">Sociedad Concesionaria Valles del Bio Bio, con motivo de los trabajos que se est\u00e1n realizando en la ruta Cabrero &#8211; Concepci\u00f3n para concretar la doble v\u00eda, solicita a los automovilistas que com\u00fanmente transitan por la carrera, preferir v\u00edas alternativas durante los fines de semana del mes de febrero.<\/p>\n<p style=\"text-align: justify;\">La solicitud se fundamenta por encontrarnos en periodo de vacaciones, donde el n\u00famero de autom\u00f3viles aumenta considerablemente los d\u00edas de retorno a Concepci\u00f3n; a lo anterior se suman la gran cantidad de cortes en la ruta, propio de una obra de semejante magnitud.<\/p>\n<p style=\"text-align: justify;\">\u00a0Frente a dicha situaci\u00f3n y para evitar mayores tacos en la v\u00eda, Concesionaria en coordinaci\u00f3n con el Seremi de Obras P\u00fablicas y Carabineros eliminaron el corte existente desde el sector El Pino hasta San Antonio.<\/p>\n<p style=\"text-align: justify;\">Importante sugerir adem\u00e1s a los automovilistas, que puedan programar su retorno de manera escalonada desde tempranas horas del d\u00eda, cosa de evitar aglomeraciones vehiculares en las \u00faltimas horas del d\u00eda.<\/p>\n<p style=\"text-align: justify;\">Concesionaria Valles del B\u00edo B\u00edo ruega a los automovilistas disculpar las molestias y retrasos en la ruta. Estamos trabajando para hacer de la v\u00eda Cabrero \u2013 Concepci\u00f3n una ruta m\u00e1s segura y expedita para usted.<\/p>\n","protected":false},"excerpt":{"rendered":"<p>Sociedad Concesionaria Valles del Bio Bio, con motivo de los trabajos que se est\u00e1n realizando en la ruta Cabrero &#8211; Concepci\u00f3n para concretar la doble v\u00eda, solicita a los automovilistas que com\u00fanmente transitan por&#46;&#46;&#46;<\/p>\n","protected":false},"author":2,"featured_media":12558,"comment_status":"open","ping_status":"open","sticky":false,"template":"","format":"standard","meta":{"footnotes":""},"categories":[3,1,32],"tags":[1115,1015,1044,8,6],"class_list":["post-12557","post","type-post","status-publish","format-standard","has-post-thumbnail","hentry","category-actualidad","category-noticias","category-servicios","tag-noticias","tag-ruta-cabrero-concepcion","tag-valles-del-bio-bio","tag-yungay","tag-yungayino"],"_links":{"self":[{"href":"https:\/\/www.yungayino.cl\/noticias\/index.php?rest_route=\/wp\/v2\/posts\/12557","targetHints":{"allow":["GET"]}}],"collection":[{"href":"https:\/\/www.yungayino.cl\/noticias\/index.php?rest_route=\/wp\/v2\/posts"}],"about":[{"href":"https:\/\/www.yungayino.cl\/noticias\/index.php?rest_route=\/wp\/v2\/types\/post"}],"author":[{"embeddable":true,"href":"https:\/\/www.yungayino.cl\/noticias\/index.php?rest_route=\/wp\/v2\/users\/2"}],"replies":[{"embeddable":true,"href":"https:\/\/www.yungayino.cl\/noticias\/index.php?rest_route=%2Fwp%2Fv2%2Fcomments&post=12557"}],"version-history":[{"count":1,"href":"https:\/\/www.yungayino.cl\/noticias\/index.php?rest_route=\/wp\/v2\/posts\/12557\/revisions"}],"predecessor-version":[{"id":12559,"href":"https:\/\/www.yungayino.cl\/noticias\/index.php?rest_route=\/wp\/v2\/posts\/12557\/revisions\/12559"}],"wp:featuredmedia":[{"embeddable":true,"href":"https:\/\/www.yungayino.cl\/noticias\/index.php?rest_route=\/wp\/v2\/media\/12558"}],"wp:attachment":[{"href":"https:\/\/www.yungayino.cl\/noticias\/index.php?rest_route=%2Fwp%2Fv2%2Fmedia&parent=12557"}],"wp:term":[{"taxonomy":"category","embeddable":true,"href":"https:\/\/www.yungayino.cl\/noticias\/index.php?rest_route=%2Fwp%2Fv2%2Fcategories&post=12557"},{"taxonomy":"post_tag","embeddable":true,"href":"https:\/\/www.yungayino.cl\/noticias\/index.php?rest_route=%2Fwp%2Fv2%2Ftags&post=12557"}],"curies":[{"name":"wp","href":"https:\/\/api.w.org\/{rel}","templated":true}]}}