{"id":12647,"date":"2015-02-08T10:00:10","date_gmt":"2015-02-08T13:00:10","guid":{"rendered":"http:\/\/www.yungayino.cl\/noticias\/?p=12647"},"modified":"2015-02-10T14:12:00","modified_gmt":"2015-02-10T17:12:00","slug":"1-fiesta-del-chivo-se-realizo-en-sector-el-avellano-de-yungay","status":"publish","type":"post","link":"https:\/\/www.yungayino.cl\/noticias\/?p=12647","title":{"rendered":"1\u00b0 Fiesta del Chivo se Realiz\u00f3 en Sector el Avellano de Yungay"},"content":{"rendered":"<p style=\"text-align: justify;\">Yungay, s\u00e1bado 7 de febrero 2015, en la granja de Don Hugo Rivera, sector el Avellano, se realiz\u00f3 la primera fiesta del chivo. Esta actividad que fue organizada por los socios de Prodesal 1 y que cont\u00f3 con la presencia de se\u00f1ora Gema Cabezas de la Municipalidad y el Concejal Juan Quezada, en representaci\u00f3n de Prodesal asistieron Pablo Su\u00e1rez y Luis Sandoval.<\/p>\n<p style=\"text-align: justify;\">Durante el d\u00eda se realizaron actividades como: orde\u00f1as, enlazados de terneros y chivos, palo ensebado, atrapar la gallina y domaduras de terneros y chivos. Adem\u00e1s los asistentes pudieron disfrutar de tortillas, mote con huesillo, bebidas, etc y por supuesto el asado de chivo.<\/p>\n<p style=\"text-align: justify;\">Para amenizar la jornada se present\u00f3 el Rayito Pemucano y Los Felinos de Yungay.<\/p>\n<p style=\"text-align: justify;\">[su_button url=\u00bbhttps:\/\/www.facebook.com\/media\/set\/?set=a.1016017801746592.1073742443.159561284058919&amp;type=3&amp;uploaded=126&#8243; target=\u00bbblank\u00bb size=\u00bb7&#8243; radius=\u00bbround\u00bb icon=\u00bbicon: camera-retro\u00bb]Fotograf\u00edas &#8211; 1\u00b0 Fiesta del Chivo se Realiz\u00f3 en Sector el Avellano de Yungay[\/su_button]<\/p>\n","protected":false},"excerpt":{"rendered":"<p>Yungay, s\u00e1bado 7 de febrero 2015, en la granja de Don Hugo Rivera, sector el Avellano, se realiz\u00f3 la primera fiesta del chivo. Esta actividad que fue organizada por los socios de Prodesal 1&#46;&#46;&#46;<\/p>\n","protected":false},"author":2,"featured_media":12648,"comment_status":"open","ping_status":"open","sticky":false,"template":"","format":"standard","meta":{"footnotes":""},"categories":[5,1,15],"tags":[566,1042,1115,8,6],"class_list":["post-12647","post","type-post","status-publish","format-standard","has-post-thumbnail","hentry","category-eventos","category-noticias","category-turismo","tag-el-avellano","tag-fiesta-del-chivo","tag-noticias","tag-yungay","tag-yungayino"],"_links":{"self":[{"href":"https:\/\/www.yungayino.cl\/noticias\/index.php?rest_route=\/wp\/v2\/posts\/12647","targetHints":{"allow":["GET"]}}],"collection":[{"href":"https:\/\/www.yungayino.cl\/noticias\/index.php?rest_route=\/wp\/v2\/posts"}],"about":[{"href":"https:\/\/www.yungayino.cl\/noticias\/index.php?rest_route=\/wp\/v2\/types\/post"}],"author":[{"embeddable":true,"href":"https:\/\/www.yungayino.cl\/noticias\/index.php?rest_route=\/wp\/v2\/users\/2"}],"replies":[{"embeddable":true,"href":"https:\/\/www.yungayino.cl\/noticias\/index.php?rest_route=%2Fwp%2Fv2%2Fcomments&post=12647"}],"version-history":[{"count":2,"href":"https:\/\/www.yungayino.cl\/noticias\/index.php?rest_route=\/wp\/v2\/posts\/12647\/revisions"}],"predecessor-version":[{"id":12650,"href":"https:\/\/www.yungayino.cl\/noticias\/index.php?rest_route=\/wp\/v2\/posts\/12647\/revisions\/12650"}],"wp:featuredmedia":[{"embeddable":true,"href":"https:\/\/www.yungayino.cl\/noticias\/index.php?rest_route=\/wp\/v2\/media\/12648"}],"wp:attachment":[{"href":"https:\/\/www.yungayino.cl\/noticias\/index.php?rest_route=%2Fwp%2Fv2%2Fmedia&parent=12647"}],"wp:term":[{"taxonomy":"category","embeddable":true,"href":"https:\/\/www.yungayino.cl\/noticias\/index.php?rest_route=%2Fwp%2Fv2%2Fcategories&post=12647"},{"taxonomy":"post_tag","embeddable":true,"href":"https:\/\/www.yungayino.cl\/noticias\/index.php?rest_route=%2Fwp%2Fv2%2Ftags&post=12647"}],"curies":[{"name":"wp","href":"https:\/\/api.w.org\/{rel}","templated":true}]}}