{"id":12660,"date":"2015-02-11T15:00:54","date_gmt":"2015-02-11T18:00:54","guid":{"rendered":"http:\/\/www.yungayino.cl\/noticias\/?p=12660"},"modified":"2015-02-11T18:09:14","modified_gmt":"2015-02-11T21:09:14","slug":"se-dio-inicio-al-show-artistico-de-xiii-feria-costumbrista-yungay-2015","status":"publish","type":"post","link":"https:\/\/www.yungayino.cl\/noticias\/?p=12660","title":{"rendered":"Se Dio Inicio al Show Art\u00edstico de \u201cXIII Feria Costumbrista Yungay 2015\u201d"},"content":{"rendered":"<p style=\"text-align: justify;\">Yungay, martes 10 de febrero 2015: Se dio inicio a la primera noche de show art\u00edstico de la Feria Costumbrista en su D\u00e9cima Tercera Versi\u00f3n, la cu\u00e1l cont\u00f3 con la animaci\u00f3n de Yeanette Navarrete y Mario Salinas.<\/p>\n<p style=\"text-align: justify;\"><strong>\u00a0Cantares de Yungay<\/strong>, la Agrupaci\u00f3n Folcl\u00f3rica Yungayina fue la que abri\u00f3 el show de esta primera jornada, que bajo la direcci\u00f3n art\u00edstica del Profesor Ernesto B\u00f3rquez, deleitaron al p\u00fablico asistente con sus cantos, danzas y bailes de ra\u00edz folcl\u00f3rica de la zona central, Chilo\u00e9 y la Patagonia. Se\u00f1alar que este grupo se presentar\u00e1 pr\u00f3ximamente en la isla de Chilo\u00e9 para as\u00ed mostrar su arte denominado: \u201cCantares de Yungay de Centro a Sur de Chilo\u00e9\u201d.<\/p>\n<p style=\"text-align: justify;\">\u00a0<strong>Carmencita Vald\u00e9s<\/strong> la destacada Folklorista Nacional y cantora de rodeos, tambi\u00e9n estuvo presente en el escenario, donde realizo una impecable presentaci\u00f3n interpretando sus tonadas y cuecas, cabe destacar que Carmencita Vald\u00e9s, form\u00f3 parte de la delegaci\u00f3n de la Escuadra Ecuestre del criadero Palmas de Pe\u00f1aflor, y que tuvo el privilegio de cantarle a la Reina Isabel en las celebraciones de sus 60 a\u00f1os de reinado en Inglaterra, adem\u00e1s de recorrer con su m\u00fasica tambi\u00e9n Espa\u00f1a y una gira por M\u00e9xico.<\/p>\n<p style=\"text-align: justify;\"><strong>Bafote, <\/strong>el destacado Ballet Folcl\u00f3rico de Temuco compuesto por j\u00f3venes subi\u00f3 al escenario alrededor de la medianoche donde mostr\u00f3 un hermoso espect\u00e1culo de m\u00fasica y baile, iniciando el show con la obra denominada \u201cHuasos\u201d, basada en este personaje caracter\u00edstico de la vida de nuestro campo, para luego trasladarse a la Polinesia donde expusieron bailes de la Isla de Pascua y la cultura polinesica, tambi\u00e9n presentaron \u201cSambos Caporales\u201d, danza llegada desde Bolivia a Chile.<\/p>\n<p style=\"text-align: justify;\">\u00a0<strong>Tobalaba Marka<\/strong>, pertenecientes a la escuela P\u00fablica E-192 Tobalaba de Penalol\u00e9n, su director es el profesor Mauricio Varela y est\u00e1 conformado por alumnos de 1\u00b0 a 8\u00b0 A\u00f1o. La producci\u00f3n musical del grupo se ha visto solidificada con su primera producci\u00f3n discogr\u00e1fica \u201cTierra M\u00e1gica\u201d, que contiene 9 canciones de su propia autor\u00eda. Esta agrupaci\u00f3n fue la encargada de cerrar esta primera noche de show, realizando una destacada presentaci\u00f3n con la puesta en escena de danzas con or\u00edgenes andinos.<\/p>\n<p style=\"text-align: justify;\">\u00a0Finalmente destacar que para la segunda jornada de show para este mi\u00e9rcoles 11 de febrero a partir de las 21:30 horas en el escenario montado en la Plaza Iquique se contar\u00e1 con la participaci\u00f3n de:<\/p>\n<ul>\n<li style=\"text-align: justify;\">\u00a0<strong>COFOCEYU<\/strong><\/li>\n<li style=\"text-align: justify;\"><strong>Fernando Ya\u00f1ez<\/strong><\/li>\n<li style=\"text-align: justify;\"><strong>Alturas de Concepci\u00f3n<\/strong><\/li>\n<\/ul>\n<p style=\"text-align: justify;\"><strong>[su_button url=\u00bbhttps:\/\/www.facebook.com\/media\/set\/?set=a.1016614338353605.1073742446.159561284058919&amp;type=3&amp;uploaded=116&#8243; target=\u00bbblank\u00bb size=\u00bb7&#8243; radius=\u00bbround\u00bb icon=\u00bbicon: camera-retro\u00bb]Fotograf\u00edas &#8211; Se Dio Inicio al Show Art\u00edstico de \u201cXIII Feria Costumbrista Yungay 2015\u201d[\/su_button]<\/strong><\/p>\n","protected":false},"excerpt":{"rendered":"<p>Yungay, martes 10 de febrero 2015: Se dio inicio a la primera noche de show art\u00edstico de la Feria Costumbrista en su D\u00e9cima Tercera Versi\u00f3n, la cu\u00e1l cont\u00f3 con la animaci\u00f3n de Yeanette Navarrete&#46;&#46;&#46;<\/p>\n","protected":false},"author":2,"featured_media":12661,"comment_status":"open","ping_status":"open","sticky":false,"template":"","format":"standard","meta":{"footnotes":""},"categories":[5,1,15],"tags":[24,1115,8,6],"class_list":["post-12660","post","type-post","status-publish","format-standard","has-post-thumbnail","hentry","category-eventos","category-noticias","category-turismo","tag-feria-costumbrista","tag-noticias","tag-yungay","tag-yungayino"],"_links":{"self":[{"href":"https:\/\/www.yungayino.cl\/noticias\/index.php?rest_route=\/wp\/v2\/posts\/12660","targetHints":{"allow":["GET"]}}],"collection":[{"href":"https:\/\/www.yungayino.cl\/noticias\/index.php?rest_route=\/wp\/v2\/posts"}],"about":[{"href":"https:\/\/www.yungayino.cl\/noticias\/index.php?rest_route=\/wp\/v2\/types\/post"}],"author":[{"embeddable":true,"href":"https:\/\/www.yungayino.cl\/noticias\/index.php?rest_route=\/wp\/v2\/users\/2"}],"replies":[{"embeddable":true,"href":"https:\/\/www.yungayino.cl\/noticias\/index.php?rest_route=%2Fwp%2Fv2%2Fcomments&post=12660"}],"version-history":[{"count":5,"href":"https:\/\/www.yungayino.cl\/noticias\/index.php?rest_route=\/wp\/v2\/posts\/12660\/revisions"}],"predecessor-version":[{"id":12666,"href":"https:\/\/www.yungayino.cl\/noticias\/index.php?rest_route=\/wp\/v2\/posts\/12660\/revisions\/12666"}],"wp:featuredmedia":[{"embeddable":true,"href":"https:\/\/www.yungayino.cl\/noticias\/index.php?rest_route=\/wp\/v2\/media\/12661"}],"wp:attachment":[{"href":"https:\/\/www.yungayino.cl\/noticias\/index.php?rest_route=%2Fwp%2Fv2%2Fmedia&parent=12660"}],"wp:term":[{"taxonomy":"category","embeddable":true,"href":"https:\/\/www.yungayino.cl\/noticias\/index.php?rest_route=%2Fwp%2Fv2%2Fcategories&post=12660"},{"taxonomy":"post_tag","embeddable":true,"href":"https:\/\/www.yungayino.cl\/noticias\/index.php?rest_route=%2Fwp%2Fv2%2Ftags&post=12660"}],"curies":[{"name":"wp","href":"https:\/\/api.w.org\/{rel}","templated":true}]}}