{"id":12668,"date":"2015-02-12T15:00:16","date_gmt":"2015-02-12T18:00:16","guid":{"rendered":"http:\/\/www.yungayino.cl\/noticias\/?p=12668"},"modified":"2015-02-13T02:19:04","modified_gmt":"2015-02-13T05:19:04","slug":"segunda-noche-de-show-artistico-en-xiii-feria-costumbrista-de-yungay","status":"publish","type":"post","link":"https:\/\/www.yungayino.cl\/noticias\/?p=12668","title":{"rendered":"Segunda Noche de Show Art\u00edstico en XIII Feria Costumbrista de Yungay"},"content":{"rendered":"<p style=\"text-align: justify;\">Yungay, mi\u00e9rcoles 11 de febrero 2015. Poco antes de las 22:00 horas se dio inicio a la segunda noche de show art\u00edstico al aire libre en la XIII feria costumbrista de Yungay, la cu\u00e1l cont\u00f3 con la animaci\u00f3n de Yeanette Navarrete y Mario Salinas. La Productora Mathieu es la encargada del audio y la iluminaci\u00f3n de este bonito espect\u00e1culo.<\/p>\n<p style=\"text-align: justify;\">En esta oportunidad el Yungayino Jos\u00e9 Ra\u00fal Mu\u00f1oz, poeta de las cosas sencillas, no quizo estar ausente en esta Feria y subi\u00f3 al escenario a mostrar su poes\u00eda \u00abMi Valle Templado\u00bb.<\/p>\n<p style=\"text-align: justify;\">COFOCEYU (Conjunto Folcl\u00f3rico Cemafier de Yungay), esta agrupaci\u00f3n folcl\u00f3rica que naci\u00f3 el 18 de julio de 2014, fue la encargada abrir la jornada, donde todos los integrantes desde ni\u00f1os, j\u00f3venes y adultos dejaron todo en el escenario mostrando sus dotes art\u00edsticos y demostrando que les apasionan nuestras costumbres folcl\u00f3ricas. Su director art\u00edstico y core\u00f3grafo es Rafael Venegas Orellana.<\/p>\n<p style=\"text-align: justify;\">Fabiola Gonz\u00e1lez \u201cLa Chinganera\u201d, Cantora y compositora de m\u00fasica popular, oriunda del Bio Bio, donde desde hace 12 a\u00f1os ha hecho escuela en el arte de ense\u00f1ar la Cueca y la m\u00fasica de la ra\u00edz chilena.<\/p>\n<p style=\"text-align: justify;\">LOS PAYADORES<\/p>\n<p style=\"text-align: justify;\">Victor Quintanilla de Quilleco, Leonel Castro de Huepil, Manuel S\u00e1nchez de la Regi\u00f3n Metropolitana y Fernando Y\u00e1\u00f1ez de Campanario, fueron los encargados de mostrar en el escenario toda la rapidez y picard\u00eda del chileno al momento de improvisar con una paya, el p\u00fablico se not\u00f3 muy entusiasta y alegre al presenciar a estos cuatro payadores.<\/p>\n<p style=\"text-align: justify;\">Alturas de Concepci\u00f3n, este grupo esta formado por seis integrantes y se fund\u00f3 a principios de los a\u00f1os 90 en Concepci\u00f3n. Su inter\u00e9s principal es cultivar la tonada y transmitir a las nuevas generaciones, lo bonito de los cantos nacionales.<\/p>\n<p style=\"text-align: justify;\">Recordar que hoy se presentar\u00e1n en el escenario de la feria costumbrista:<\/p>\n<ul>\n<li style=\"text-align: justify;\">Tr\u00edo Nativo<\/li>\n<li style=\"text-align: justify;\">Patricio Manns<\/li>\n<li style=\"text-align: justify;\">Feliciano Sald\u00edas<\/li>\n<\/ul>\n<p style=\"text-align: justify;\">[su_button url=\u00bbhttps:\/\/www.facebook.com\/media\/set\/?set=a.1017191231629249.1073742447.159561284058919&amp;type=3&#8243; target=\u00bbblank\u00bb size=\u00bb7&#8243; radius=\u00bbround\u00bb icon=\u00bbicon: camera-retro\u00bb]Fotograf\u00edas &#8211; Segunda Noche de Show Art\u00edstico en XIII Feria Costumbrista de Yungay[\/su_button]<\/p>\n","protected":false},"excerpt":{"rendered":"<p>Yungay, mi\u00e9rcoles 11 de febrero 2015. Poco antes de las 22:00 horas se dio inicio a la segunda noche de show art\u00edstico al aire libre en la XIII feria costumbrista de Yungay, la cu\u00e1l&#46;&#46;&#46;<\/p>\n","protected":false},"author":2,"featured_media":12669,"comment_status":"open","ping_status":"open","sticky":false,"template":"","format":"standard","meta":{"footnotes":""},"categories":[5,1,15],"tags":[24,1115,8,6],"class_list":["post-12668","post","type-post","status-publish","format-standard","has-post-thumbnail","hentry","category-eventos","category-noticias","category-turismo","tag-feria-costumbrista","tag-noticias","tag-yungay","tag-yungayino"],"_links":{"self":[{"href":"https:\/\/www.yungayino.cl\/noticias\/index.php?rest_route=\/wp\/v2\/posts\/12668","targetHints":{"allow":["GET"]}}],"collection":[{"href":"https:\/\/www.yungayino.cl\/noticias\/index.php?rest_route=\/wp\/v2\/posts"}],"about":[{"href":"https:\/\/www.yungayino.cl\/noticias\/index.php?rest_route=\/wp\/v2\/types\/post"}],"author":[{"embeddable":true,"href":"https:\/\/www.yungayino.cl\/noticias\/index.php?rest_route=\/wp\/v2\/users\/2"}],"replies":[{"embeddable":true,"href":"https:\/\/www.yungayino.cl\/noticias\/index.php?rest_route=%2Fwp%2Fv2%2Fcomments&post=12668"}],"version-history":[{"count":5,"href":"https:\/\/www.yungayino.cl\/noticias\/index.php?rest_route=\/wp\/v2\/posts\/12668\/revisions"}],"predecessor-version":[{"id":12679,"href":"https:\/\/www.yungayino.cl\/noticias\/index.php?rest_route=\/wp\/v2\/posts\/12668\/revisions\/12679"}],"wp:featuredmedia":[{"embeddable":true,"href":"https:\/\/www.yungayino.cl\/noticias\/index.php?rest_route=\/wp\/v2\/media\/12669"}],"wp:attachment":[{"href":"https:\/\/www.yungayino.cl\/noticias\/index.php?rest_route=%2Fwp%2Fv2%2Fmedia&parent=12668"}],"wp:term":[{"taxonomy":"category","embeddable":true,"href":"https:\/\/www.yungayino.cl\/noticias\/index.php?rest_route=%2Fwp%2Fv2%2Fcategories&post=12668"},{"taxonomy":"post_tag","embeddable":true,"href":"https:\/\/www.yungayino.cl\/noticias\/index.php?rest_route=%2Fwp%2Fv2%2Ftags&post=12668"}],"curies":[{"name":"wp","href":"https:\/\/api.w.org\/{rel}","templated":true}]}}