{"id":12673,"date":"2015-02-12T17:00:42","date_gmt":"2015-02-12T20:00:42","guid":{"rendered":"http:\/\/www.yungayino.cl\/noticias\/?p=12673"},"modified":"2015-02-12T17:29:44","modified_gmt":"2015-02-12T20:29:44","slug":"exposicion-de-pintura-pinceles-y-pintores-yungayinos-2015-se-encuentra-en-biblioteca-publica","status":"publish","type":"post","link":"https:\/\/www.yungayino.cl\/noticias\/?p=12673","title":{"rendered":"Exposici\u00f3n de Pintura \u201cPinceles y Pintores Yungayinos 2015\u201d se Encuentra en Biblioteca P\u00fablica"},"content":{"rendered":"<p style=\"text-align: justify;\">Yungay, jueves 12 de febrero 2015: En la Biblioteca P\u00fablica Oreste Montero se encuentra la Exposici\u00f3n de <strong>\u201cPinceles y Pintores Yungayinos 2015\u201d<\/strong> actividad organizada por el Profesor de Artes Visuales Lister Sep\u00falveda\u00a0Avenda\u00f1o y Patrocinado por el Municipio Yungayino.<\/p>\n<p style=\"text-align: justify;\">Se\u00f1alar que la exposici\u00f3n se encontrar\u00e1 abierta hasta el pr\u00f3ximo 20 de febrero, donde se pueden apreciar las pinturas en \u00f3leo de los pintores yungayinos Karime Orme\u00f1o, Miguel \u00c1ngel Flores, Irma Gonz\u00e1lez, V\u00edctor Chavarr\u00eda y Luis Campos. Tambi\u00e9n hay obras en t\u00e9cnica de tempera como la de Eduardo Navarrete, Daniel Sep\u00falveda en dibujo, Lister Sep\u00falveda y Danilo Godoy en \u00f3leo acr\u00edlico, as\u00ed como tambi\u00e9n hay artesan\u00eda en muebles de Rodolfo Albornoz y Crochet de Marco Albornoz y Nelly Vallejos.<\/p>\n<p style=\"text-align: justify;\">Finalmente el Profesor de Artes Visuales Lister Sep\u00falveda\u00a0 Avenda\u00f1o manifest\u00f3 al Equipo del Portal Yungayino.cl un llamado a los yungayinos y visitantes a presenciar la exposici\u00f3n de artistas locales y reiter\u00f3 sus agradecimientos al alcalde Pedro Inostroza, al Concejo Municipal, Paulina \u00c1vila, Miguel Mart\u00ednez, Ang\u00e9lica Cabezas, Mario Salinas y los Medios de Comunicaci\u00f3n, quienes lo apoyaron para realizar esta hermosa exposici\u00f3n.<\/p>\n<p style=\"text-align: justify;\">[su_button url=\u00bbhttps:\/\/www.facebook.com\/media\/set\/?set=a.1017218224959883.1073742448.159561284058919&amp;type=3&amp;uploaded=1&#8243; target=\u00bbblank\u00bb size=\u00bb7&#8243; radius=\u00bbround\u00bb icon=\u00bbicon: camera-retro\u00bb]Fotograf\u00edas &#8211; Exposici\u00f3n de Pintura \u201cPinceles y Pintores Yungayinos 2015\u201d se Encuentra en Biblioteca P\u00fablica[\/su_button]<\/p>\n","protected":false},"excerpt":{"rendered":"<p>Yungay, jueves 12 de febrero 2015: En la Biblioteca P\u00fablica Oreste Montero se encuentra la Exposici\u00f3n de \u201cPinceles y Pintores Yungayinos 2015\u201d actividad organizada por el Profesor de Artes Visuales Lister Sep\u00falveda\u00a0Avenda\u00f1o y Patrocinado&#46;&#46;&#46;<\/p>\n","protected":false},"author":2,"featured_media":12676,"comment_status":"open","ping_status":"open","sticky":false,"template":"","format":"standard","meta":{"footnotes":""},"categories":[1],"tags":[1048,1115,8,6],"class_list":["post-12673","post","type-post","status-publish","format-standard","has-post-thumbnail","hentry","category-noticias","tag-exposicion-pintura","tag-noticias","tag-yungay","tag-yungayino"],"_links":{"self":[{"href":"https:\/\/www.yungayino.cl\/noticias\/index.php?rest_route=\/wp\/v2\/posts\/12673","targetHints":{"allow":["GET"]}}],"collection":[{"href":"https:\/\/www.yungayino.cl\/noticias\/index.php?rest_route=\/wp\/v2\/posts"}],"about":[{"href":"https:\/\/www.yungayino.cl\/noticias\/index.php?rest_route=\/wp\/v2\/types\/post"}],"author":[{"embeddable":true,"href":"https:\/\/www.yungayino.cl\/noticias\/index.php?rest_route=\/wp\/v2\/users\/2"}],"replies":[{"embeddable":true,"href":"https:\/\/www.yungayino.cl\/noticias\/index.php?rest_route=%2Fwp%2Fv2%2Fcomments&post=12673"}],"version-history":[{"count":2,"href":"https:\/\/www.yungayino.cl\/noticias\/index.php?rest_route=\/wp\/v2\/posts\/12673\/revisions"}],"predecessor-version":[{"id":12677,"href":"https:\/\/www.yungayino.cl\/noticias\/index.php?rest_route=\/wp\/v2\/posts\/12673\/revisions\/12677"}],"wp:featuredmedia":[{"embeddable":true,"href":"https:\/\/www.yungayino.cl\/noticias\/index.php?rest_route=\/wp\/v2\/media\/12676"}],"wp:attachment":[{"href":"https:\/\/www.yungayino.cl\/noticias\/index.php?rest_route=%2Fwp%2Fv2%2Fmedia&parent=12673"}],"wp:term":[{"taxonomy":"category","embeddable":true,"href":"https:\/\/www.yungayino.cl\/noticias\/index.php?rest_route=%2Fwp%2Fv2%2Fcategories&post=12673"},{"taxonomy":"post_tag","embeddable":true,"href":"https:\/\/www.yungayino.cl\/noticias\/index.php?rest_route=%2Fwp%2Fv2%2Ftags&post=12673"}],"curies":[{"name":"wp","href":"https:\/\/api.w.org\/{rel}","templated":true}]}}