{"id":12685,"date":"2015-02-14T03:00:12","date_gmt":"2015-02-14T06:00:12","guid":{"rendered":"http:\/\/www.yungayino.cl\/noticias\/?p=12685"},"modified":"2015-02-14T03:50:22","modified_gmt":"2015-02-14T06:50:22","slug":"lucho-castillo-junto-a-los-tricolores-se-presentaron-en-xiii-feria-costumbrista-de-yungay","status":"publish","type":"post","link":"https:\/\/www.yungayino.cl\/noticias\/?p=12685","title":{"rendered":"Lucho Castillo Junto a Los Tricolores se Presentaron en XIII Feria Costumbrista de Yungay"},"content":{"rendered":"<p style=\"text-align: justify;\">Yungay, viernes 13 de febrero 2015. Una nueva jornada se vivi\u00f3 en el escenario especialmente instalado para esta XIII Feria Costumbrista, donde la animaci\u00f3n estuvo a cargo de Yeanette Navarrete y Mario Salinas. La Productora Mathieu fue la encargada del audio y la iluminaci\u00f3n como todas las jornadas anteriores.<\/p>\n<p style=\"text-align: justify;\"><strong>Los Tricolores<\/strong>, quienes comienzan su historia con actuaciones en fiestas informales de los a\u00f1os noventa, se presentaron en Yungay. Este grupo integrado por Sebasti\u00e1n Vega, Carlos Mart\u00ednez, Aldo Oreg\u00f3n, Daniel Pezoa, Daniel S\u00e1nchez, Rodolfo Astudillo y Luis Castillo, quines han grabado discos como: \u201cCuecas de Remolienda\u201d, \u201cLos Tricolores con Daniel Mu\u00f1oz\u201d y \u201c\u00c9sta s\u00ed que es Vida\u201d. Fueron los ganadores de Festival del Huaso de Olmu\u00e9 del presente a\u00f1o, con el Tema: \u201cChile Llora Melod\u00edas\u201d.<\/p>\n<p style=\"text-align: justify;\">El Alcalde Pedro Inostroza Valenzuela, entreg\u00f3 un galvano en reconocimiento a su destacada trayectoria art\u00edstica a Luis Castillo, quien siempre ha dejado muy bien puesto el nombre de Yungay. Cabe destacar la sencillez de Luis, quien a pesar de los a\u00f1os sigue siendo el mismo joven sonriente de siempre. Y sin dejar pasar la oportunidad junto a su hermana Evelyn, bailaron un pie de cueca y dejaron muy claro porque fueron campeones nacionales el a\u00f1o 1997 en la cuidad de Arica.<\/p>\n<p style=\"text-align: justify;\"><strong>Los Chacareros de Paine<\/strong>, este conjunto en la actualidad est\u00e1 formado por ocho personas, su directora musical es Teresa Rodr\u00edguez Leiva. El objetivo de este conjunto es proyectar al campesino, a trav\u00e9s, de todo el sentimiento, ya sea en su forma de tocar los instrumentos, cantar, en su vocabulario campesino, en sus contrapuntos de rimas, bailes, en la autenticidad en la picard\u00eda, el doble sentido que nos caracteriza como chilenos puros.<\/p>\n<p style=\"text-align: justify;\">[su_button url=\u00bbhttps:\/\/www.facebook.com\/media\/set\/?set=a.1018176884864017.1073742450.159561284058919&amp;type=1&#8243; target=\u00bbblank\u00bb size=\u00bb7&#8243; radius=\u00bbround\u00bb icon=\u00bbicon: camera-retro\u00bb]Fotograf\u00edas &#8211; Lucho Castillo Junto a Los Tricolores se Presentaron en XIII Feria Costumbrista de Yungay[\/su_button]<\/p>\n","protected":false},"excerpt":{"rendered":"<p>Yungay, viernes 13 de febrero 2015. Una nueva jornada se vivi\u00f3 en el escenario especialmente instalado para esta XIII Feria Costumbrista, donde la animaci\u00f3n estuvo a cargo de Yeanette Navarrete y Mario Salinas. La&#46;&#46;&#46;<\/p>\n","protected":false},"author":2,"featured_media":12686,"comment_status":"open","ping_status":"open","sticky":false,"template":"","format":"standard","meta":{"footnotes":""},"categories":[5,1,15],"tags":[1052,1051,1115,8,6],"class_list":["post-12685","post","type-post","status-publish","format-standard","has-post-thumbnail","hentry","category-eventos","category-noticias","category-turismo","tag-los-chacareros-de-paine","tag-los-tricolores","tag-noticias","tag-yungay","tag-yungayino"],"_links":{"self":[{"href":"https:\/\/www.yungayino.cl\/noticias\/index.php?rest_route=\/wp\/v2\/posts\/12685","targetHints":{"allow":["GET"]}}],"collection":[{"href":"https:\/\/www.yungayino.cl\/noticias\/index.php?rest_route=\/wp\/v2\/posts"}],"about":[{"href":"https:\/\/www.yungayino.cl\/noticias\/index.php?rest_route=\/wp\/v2\/types\/post"}],"author":[{"embeddable":true,"href":"https:\/\/www.yungayino.cl\/noticias\/index.php?rest_route=\/wp\/v2\/users\/2"}],"replies":[{"embeddable":true,"href":"https:\/\/www.yungayino.cl\/noticias\/index.php?rest_route=%2Fwp%2Fv2%2Fcomments&post=12685"}],"version-history":[{"count":3,"href":"https:\/\/www.yungayino.cl\/noticias\/index.php?rest_route=\/wp\/v2\/posts\/12685\/revisions"}],"predecessor-version":[{"id":12689,"href":"https:\/\/www.yungayino.cl\/noticias\/index.php?rest_route=\/wp\/v2\/posts\/12685\/revisions\/12689"}],"wp:featuredmedia":[{"embeddable":true,"href":"https:\/\/www.yungayino.cl\/noticias\/index.php?rest_route=\/wp\/v2\/media\/12686"}],"wp:attachment":[{"href":"https:\/\/www.yungayino.cl\/noticias\/index.php?rest_route=%2Fwp%2Fv2%2Fmedia&parent=12685"}],"wp:term":[{"taxonomy":"category","embeddable":true,"href":"https:\/\/www.yungayino.cl\/noticias\/index.php?rest_route=%2Fwp%2Fv2%2Fcategories&post=12685"},{"taxonomy":"post_tag","embeddable":true,"href":"https:\/\/www.yungayino.cl\/noticias\/index.php?rest_route=%2Fwp%2Fv2%2Ftags&post=12685"}],"curies":[{"name":"wp","href":"https:\/\/api.w.org\/{rel}","templated":true}]}}