{"id":12690,"date":"2015-02-15T03:00:49","date_gmt":"2015-02-15T06:00:49","guid":{"rendered":"http:\/\/www.yungayino.cl\/noticias\/?p=12690"},"modified":"2015-02-15T03:28:41","modified_gmt":"2015-02-15T06:28:41","slug":"quinta-noche-de-show-artistico-en-xiii-feria-costumbrista-de-yungay","status":"publish","type":"post","link":"https:\/\/www.yungayino.cl\/noticias\/?p=12690","title":{"rendered":"Quinta Noche de Show Art\u00edstico en XIII Feria Costumbrista de Yungay"},"content":{"rendered":"<p style=\"text-align: justify;\">Yungay, s\u00e1bado 14 de febrero 2015. Al igual que las noches anteriores los encargados de dar la bienvenida a una nueva jornada de la XIII Feria Costumbrista fueron los animadores Yeanette Navarrete y Mario Salinas.<\/p>\n<p style=\"text-align: justify;\"><strong>Mapuketr\u00e1n<\/strong>, este conjunto folcl\u00f3rico nace a la vida art\u00edstica en el a\u00f1o 2003, motivados por difundir y expresar nuestra cultura criolla. Mapuketr\u00e1n en lengua Mapudungun es \u201cTierra Arada\u201d. En esta ocasi\u00f3n nos presentaron danzas de la zona huasa y campesina con toda la picard\u00eda del hombre campesino.<\/p>\n<p style=\"text-align: justify;\"><strong>Carlos \u00c1vila<\/strong>, este artista Yungayino, que en la actualidad radica en la ciudad de Chill\u00e1n, mostr\u00f3 en el escenario canciones del recuerdo, las que fueron coreadas por los asistentes, que le pidieron volver al escenario en m\u00e1s de una oportunidad. Adem\u00e1s se\u00f1al\u00f3 sentirse orgulloso de ser yungayino.<\/p>\n<p style=\"text-align: justify;\"><strong>Los Indolatinos<\/strong>, nacidos en 1971 con un repertorio de folclor Chileno, Latino Americano y fantas\u00edas de guitarra y que debido a la gracia y picard\u00eda innata de sus integrantes Luis C\u00f3rdova Gonz\u00e1lez y Juan Gonz\u00e1lez Silva, desarrolladas en fiestas familiares y de amigos, unieron m\u00fasica y humor para dar vida a lo que hoy es el D\u00fao. Fueron los encargados de poner la cuota de humor a la jornada, donde el p\u00fablico se ri\u00f3 y disfrut\u00f3 de sus chistes y canciones picarescas.<\/p>\n<p style=\"text-align: justify;\">Cabe mencionar que ma\u00f1ana domingo 15 de febrero se presentar\u00e1n:<\/p>\n<ul>\n<li style=\"text-align: justify;\">BAFCOR<\/li>\n<li style=\"text-align: justify;\">Cumbiancheros<\/li>\n<li style=\"text-align: justify;\">S\u00faper Charros<\/li>\n<\/ul>\n<p>[su_button url=\u00bbhttps:\/\/www.facebook.com\/media\/set\/?set=a.1018930798121959.1073742451.159561284058919&amp;type=1&#8243; target=\u00bbblank\u00bb size=\u00bb7&#8243; radius=\u00bbround\u00bb icon=\u00bbicon: camera-retro\u00bb]Fotograf\u00edas &#8211; Quinta Noche de Show Art\u00edstico en XIII Feria Costumbrista de Yungay [\/su_button]<\/p>\n","protected":false},"excerpt":{"rendered":"<p>Yungay, s\u00e1bado 14 de febrero 2015. Al igual que las noches anteriores los encargados de dar la bienvenida a una nueva jornada de la XIII Feria Costumbrista fueron los animadores Yeanette Navarrete y Mario&#46;&#46;&#46;<\/p>\n","protected":false},"author":2,"featured_media":12691,"comment_status":"open","ping_status":"open","sticky":false,"template":"","format":"standard","meta":{"footnotes":""},"categories":[5,1,15],"tags":[24,1115,8,6],"class_list":["post-12690","post","type-post","status-publish","format-standard","has-post-thumbnail","hentry","category-eventos","category-noticias","category-turismo","tag-feria-costumbrista","tag-noticias","tag-yungay","tag-yungayino"],"_links":{"self":[{"href":"https:\/\/www.yungayino.cl\/noticias\/index.php?rest_route=\/wp\/v2\/posts\/12690","targetHints":{"allow":["GET"]}}],"collection":[{"href":"https:\/\/www.yungayino.cl\/noticias\/index.php?rest_route=\/wp\/v2\/posts"}],"about":[{"href":"https:\/\/www.yungayino.cl\/noticias\/index.php?rest_route=\/wp\/v2\/types\/post"}],"author":[{"embeddable":true,"href":"https:\/\/www.yungayino.cl\/noticias\/index.php?rest_route=\/wp\/v2\/users\/2"}],"replies":[{"embeddable":true,"href":"https:\/\/www.yungayino.cl\/noticias\/index.php?rest_route=%2Fwp%2Fv2%2Fcomments&post=12690"}],"version-history":[{"count":3,"href":"https:\/\/www.yungayino.cl\/noticias\/index.php?rest_route=\/wp\/v2\/posts\/12690\/revisions"}],"predecessor-version":[{"id":12694,"href":"https:\/\/www.yungayino.cl\/noticias\/index.php?rest_route=\/wp\/v2\/posts\/12690\/revisions\/12694"}],"wp:featuredmedia":[{"embeddable":true,"href":"https:\/\/www.yungayino.cl\/noticias\/index.php?rest_route=\/wp\/v2\/media\/12691"}],"wp:attachment":[{"href":"https:\/\/www.yungayino.cl\/noticias\/index.php?rest_route=%2Fwp%2Fv2%2Fmedia&parent=12690"}],"wp:term":[{"taxonomy":"category","embeddable":true,"href":"https:\/\/www.yungayino.cl\/noticias\/index.php?rest_route=%2Fwp%2Fv2%2Fcategories&post=12690"},{"taxonomy":"post_tag","embeddable":true,"href":"https:\/\/www.yungayino.cl\/noticias\/index.php?rest_route=%2Fwp%2Fv2%2Ftags&post=12690"}],"curies":[{"name":"wp","href":"https:\/\/api.w.org\/{rel}","templated":true}]}}