{"id":12707,"date":"2015-02-23T10:00:30","date_gmt":"2015-02-23T13:00:30","guid":{"rendered":"http:\/\/www.yungayino.cl\/noticias\/?p=12707"},"modified":"2015-02-23T13:14:35","modified_gmt":"2015-02-23T16:14:35","slug":"ceremonia-de-cierre-de-escuela-de-verano-se-realizo-en-yungay-2","status":"publish","type":"post","link":"https:\/\/www.yungayino.cl\/noticias\/?p=12707","title":{"rendered":"Ceremonia de Cierre de Escuela de Verano se Realiz\u00f3 en Yungay"},"content":{"rendered":"<p style=\"text-align: justify;\">Yungay, viernes 20 de febrero 2015: En el Auditorio de la Biblioteca P\u00fablica a partir de las 10:30 horas se llevo a cabo la Ceremonia de Cierre de la Escuela de Verano para hijos de Mujeres Trabajadoras de Campanario y Yungay. Este programa que favoreci\u00f3 a ni\u00f1os y ni\u00f1as fue implementado al igual que otros a\u00f1os por la Municipalidad en convenio con otras instituciones p\u00fablicas como el Ministerio de Desarrollo Social, IND y Junaeb con la finalidad de contribuir al cuidado, entretenci\u00f3n, protecci\u00f3n y recreaci\u00f3n de ni\u00f1os y ni\u00f1as, cuyas\u00a0madres se dedican a la actividades de trabajos de la temporada y as\u00ed puedan trabajar adecuadamente y que sus hijos permanezcan en un ambiente de seguridad y protecci\u00f3n.<\/p>\n<p style=\"text-align: justify;\">En la ceremonia adem\u00e1s se hizo entrega de est\u00edmulos a todos los alumnos y tambi\u00e9n a los ni\u00f1os que se destacaron, adem\u00e1s los ni\u00f1os realizaron bailes y coreograf\u00edas.<\/p>\n<p style=\"text-align: justify;\">Mencionar que a la ceremonia se hizo presente el Concejal Marcos Cuevas, quien se\u00f1alo que el municipio siempre apoyar\u00e1 estos programas que van en ayuda de estas familias pertenecientes a nuestra comuna.<\/p>\n<p style=\"text-align: justify;\">Por su parte la Asistente Social Caterin Acu\u00f1a Sandoval, indico al Equipo del Portal Yungayino.cl, que se cumplieron los objetivos del programa, que era entregar una alternativa de apoyo a los cuidadores de ni\u00f1os y ni\u00f1as que se desempe\u00f1an trabajando durante la temporada estival a\u00f1o 2015, entregar apoyo al desarrollo y protecci\u00f3n de la infancia, previniendo y disminuyendo la exposici\u00f3n a situaciones de riesgo que ocurren cuando los ni\u00f1os y ni\u00f1as quedan sin cuidado de un adulto responsable y facilitar el trabajo de los cuidadores, madre, padres o tutores temporeros, a trav\u00e9s del cuidado de sus ni\u00f1os y ni\u00f1as.<\/p>\n<p style=\"text-align: justify;\">Finalmente terminada la ceremonia los asistentes compartieron un coctel, donde adem\u00e1s pudieron apreciar los trabajos realizado por los ni\u00f1os durante este periodo.<\/p>\n<p style=\"text-align: justify;\">[su_button url=\u00bbhttps:\/\/www.facebook.com\/media\/set\/?set=a.1023538564327849.1073742453.159561284058919&amp;type=1&#8243; target=\u00bbblank\u00bb size=\u00bb7&#8243; radius=\u00bbround\u00bb icon=\u00bbicon: camera-retro\u00bb]Fotograf\u00edas &#8211; Ceremonia de Cierre de Escuela de Verano se Realiz\u00f3 en Yungay[\/su_button]<\/p>\n","protected":false},"excerpt":{"rendered":"<p>Yungay, viernes 20 de febrero 2015: En el Auditorio de la Biblioteca P\u00fablica a partir de las 10:30 horas se llevo a cabo la Ceremonia de Cierre de la Escuela de Verano para hijos&#46;&#46;&#46;<\/p>\n","protected":false},"author":2,"featured_media":12708,"comment_status":"open","ping_status":"open","sticky":false,"template":"","format":"standard","meta":{"footnotes":""},"categories":[1],"tags":[31,638,1115,8,6],"class_list":["post-12707","post","type-post","status-publish","format-standard","has-post-thumbnail","hentry","category-noticias","tag-campanario","tag-escuela-de-verano","tag-noticias","tag-yungay","tag-yungayino"],"_links":{"self":[{"href":"https:\/\/www.yungayino.cl\/noticias\/index.php?rest_route=\/wp\/v2\/posts\/12707","targetHints":{"allow":["GET"]}}],"collection":[{"href":"https:\/\/www.yungayino.cl\/noticias\/index.php?rest_route=\/wp\/v2\/posts"}],"about":[{"href":"https:\/\/www.yungayino.cl\/noticias\/index.php?rest_route=\/wp\/v2\/types\/post"}],"author":[{"embeddable":true,"href":"https:\/\/www.yungayino.cl\/noticias\/index.php?rest_route=\/wp\/v2\/users\/2"}],"replies":[{"embeddable":true,"href":"https:\/\/www.yungayino.cl\/noticias\/index.php?rest_route=%2Fwp%2Fv2%2Fcomments&post=12707"}],"version-history":[{"count":2,"href":"https:\/\/www.yungayino.cl\/noticias\/index.php?rest_route=\/wp\/v2\/posts\/12707\/revisions"}],"predecessor-version":[{"id":12710,"href":"https:\/\/www.yungayino.cl\/noticias\/index.php?rest_route=\/wp\/v2\/posts\/12707\/revisions\/12710"}],"wp:featuredmedia":[{"embeddable":true,"href":"https:\/\/www.yungayino.cl\/noticias\/index.php?rest_route=\/wp\/v2\/media\/12708"}],"wp:attachment":[{"href":"https:\/\/www.yungayino.cl\/noticias\/index.php?rest_route=%2Fwp%2Fv2%2Fmedia&parent=12707"}],"wp:term":[{"taxonomy":"category","embeddable":true,"href":"https:\/\/www.yungayino.cl\/noticias\/index.php?rest_route=%2Fwp%2Fv2%2Fcategories&post=12707"},{"taxonomy":"post_tag","embeddable":true,"href":"https:\/\/www.yungayino.cl\/noticias\/index.php?rest_route=%2Fwp%2Fv2%2Ftags&post=12707"}],"curies":[{"name":"wp","href":"https:\/\/api.w.org\/{rel}","templated":true}]}}