{"id":12711,"date":"2015-02-25T19:00:46","date_gmt":"2015-02-25T22:00:46","guid":{"rendered":"http:\/\/www.yungayino.cl\/noticias\/?p=12711"},"modified":"2015-02-25T22:47:02","modified_gmt":"2015-02-26T01:47:02","slug":"ceremonia-de-premiacion-ii-concurso-de-fotografia-yungay-mi-comuna","status":"publish","type":"post","link":"https:\/\/www.yungayino.cl\/noticias\/?p=12711","title":{"rendered":"Ceremonia de Premiaci\u00f3n II Concurso de Fotograf\u00eda \u201cYungay mi comuna\u201d"},"content":{"rendered":"<p style=\"text-align: justify;\">Yungay, martes 24 de febrero 2015: En el auditorio de la Biblioteca P\u00fablica se realiz\u00f3 la Ceremonia de Premiaci\u00f3n del Segundo Concurso de Fotograf\u00eda <strong>\u201cYungay mi comuna\u201d<\/strong>, organizado por el Portal Yungayino.cl.<\/p>\n<p style=\"text-align: justify;\">La ceremonia cont\u00f3 con la asistencia del alcalde(s) Alexis P\u00e9rez, el Mayor de Carabineros, Darwin Illanes, el Capit\u00e1n de Carabineros, Nicol\u00e1s Donoso, la Concejala, Ang\u00e9lica Cabezas, Representante de Bombero y Gendarmer\u00eda e invitados especiales.<\/p>\n<p style=\"text-align: justify;\">Tres premios y tres menciones honrosas fue la determinaci\u00f3n del jurado compuesto por el Encargado de Turismo y Cultura de la Ilustre Municipalidad Sr.Miguel Mart\u00ednez, el Bibliotecario y Encargado del Programa de Biblioredes Sr.Erwin Avil\u00e9s y el Director del Portal Lajino.cl y Angelino.cl, Sr. Carlos Mora, quienes seleccionaron entre las cientos de fotograf\u00edas que llegaron.<\/p>\n<p style=\"text-align: justify;\">Durante la ceremonia mencionar que el Equipo del Portal Yungayino.cl hizo entrega de un reconocimiento al Empresario, Sr. Excequiel Rodr\u00edguez por su gran apoyo durantes los seis a\u00f1os que lleva el Portal, as\u00ed como tambi\u00e9n al Municipio y agradecieron a todos quienes apoyaron en la realizaci\u00f3n del Segundo Concurso de Fotograf\u00eda \u201cYungay mi comuna\u201d y env\u00edan un saludo a todos quienes nos visitan diariamente en nuestros seis a\u00f1os de vida.<\/p>\n<p style=\"text-align: justify;\">Finalmente terminada la ceremonia de premiaci\u00f3n los ganadores e invitados compartieron un coctel para festejar.<\/p>\n<p style=\"text-align: justify;\">\u00a0<strong><span style=\"text-decoration: underline;\">Ganadores II Concurso de Fotograf\u00eda \u201cYungay mi comuna\u201d<\/span><\/strong><\/p>\n<p style=\"text-align: justify;\"><strong>1\u00b0 Lugar<\/strong>, Juan Fuentes Aguilera\u00a0\u00a0 ($100.000 + C\u00e1mara Fotogr\u00e1fica + Diploma)<\/p>\n<p style=\"text-align: justify;\"><strong>2\u00b0 Lugar<\/strong>, Carlos Acevedo Cossio \u00a0($50.000 + Tr\u00edpode + Diploma)<\/p>\n<p style=\"text-align: justify;\"><strong>3\u00b0 Lugar<\/strong>, Santiago Mu\u00f1oz \u00a0 ($30.000 + Tr\u00edpode + Diploma)<\/p>\n<p style=\"text-align: justify;\">Menci\u00f3n Honrosa, Darwin Illanes\u00a0($10.000 + Tarjeta de Memoria + Diploma)<\/p>\n<p style=\"text-align: justify;\">Menci\u00f3n Honrosa, Carolina Osses ($10.000 + Tarjeta de Memoria + Diploma)<\/p>\n<p style=\"text-align: justify;\">Menci\u00f3n Honrosa, Fernanda Benavente\u00a0($10.000 + Tarjeta de Memoria + Diploma)<\/p>\n<p style=\"text-align: justify;\">[su_button url=\u00bbhttps:\/\/www.facebook.com\/media\/set\/?set=a.1024989790849393.1073742454.159561284058919&amp;type=1&#8243; target=\u00bbblank\u00bb size=\u00bb7&#8243; radius=\u00bbround\u00bb icon=\u00bbicon: camera-retro\u00bb]Fotograf\u00edas &#8211; Ceremonia de Premiaci\u00f3n II Concurso de Fotograf\u00eda \u201cYungay mi comuna\u201d[\/su_button]<\/p>\n","protected":false},"excerpt":{"rendered":"<p>Yungay, martes 24 de febrero 2015: En el auditorio de la Biblioteca P\u00fablica se realiz\u00f3 la Ceremonia de Premiaci\u00f3n del Segundo Concurso de Fotograf\u00eda \u201cYungay mi comuna\u201d, organizado por el Portal Yungayino.cl. La ceremonia&#46;&#46;&#46;<\/p>\n","protected":false},"author":2,"featured_media":12712,"comment_status":"open","ping_status":"open","sticky":false,"template":"","format":"standard","meta":{"footnotes":""},"categories":[1],"tags":[102,1115,8,6],"class_list":["post-12711","post","type-post","status-publish","format-standard","has-post-thumbnail","hentry","category-noticias","tag-concurso-fotografia","tag-noticias","tag-yungay","tag-yungayino"],"_links":{"self":[{"href":"https:\/\/www.yungayino.cl\/noticias\/index.php?rest_route=\/wp\/v2\/posts\/12711","targetHints":{"allow":["GET"]}}],"collection":[{"href":"https:\/\/www.yungayino.cl\/noticias\/index.php?rest_route=\/wp\/v2\/posts"}],"about":[{"href":"https:\/\/www.yungayino.cl\/noticias\/index.php?rest_route=\/wp\/v2\/types\/post"}],"author":[{"embeddable":true,"href":"https:\/\/www.yungayino.cl\/noticias\/index.php?rest_route=\/wp\/v2\/users\/2"}],"replies":[{"embeddable":true,"href":"https:\/\/www.yungayino.cl\/noticias\/index.php?rest_route=%2Fwp%2Fv2%2Fcomments&post=12711"}],"version-history":[{"count":1,"href":"https:\/\/www.yungayino.cl\/noticias\/index.php?rest_route=\/wp\/v2\/posts\/12711\/revisions"}],"predecessor-version":[{"id":12713,"href":"https:\/\/www.yungayino.cl\/noticias\/index.php?rest_route=\/wp\/v2\/posts\/12711\/revisions\/12713"}],"wp:featuredmedia":[{"embeddable":true,"href":"https:\/\/www.yungayino.cl\/noticias\/index.php?rest_route=\/wp\/v2\/media\/12712"}],"wp:attachment":[{"href":"https:\/\/www.yungayino.cl\/noticias\/index.php?rest_route=%2Fwp%2Fv2%2Fmedia&parent=12711"}],"wp:term":[{"taxonomy":"category","embeddable":true,"href":"https:\/\/www.yungayino.cl\/noticias\/index.php?rest_route=%2Fwp%2Fv2%2Fcategories&post=12711"},{"taxonomy":"post_tag","embeddable":true,"href":"https:\/\/www.yungayino.cl\/noticias\/index.php?rest_route=%2Fwp%2Fv2%2Ftags&post=12711"}],"curies":[{"name":"wp","href":"https:\/\/api.w.org\/{rel}","templated":true}]}}