{"id":12739,"date":"2015-03-03T22:00:36","date_gmt":"2015-03-04T01:00:36","guid":{"rendered":"http:\/\/www.yungayino.cl\/noticias\/?p=12739"},"modified":"2015-03-04T10:30:51","modified_gmt":"2015-03-04T13:30:51","slug":"rechazan-recurso-de-proteccion-en-contra-de-la-comision-de-evaluacion-ambiental-por-el-proyecto-de-la-minicentral-de-pasada-itata","status":"publish","type":"post","link":"https:\/\/www.yungayino.cl\/noticias\/?p=12739","title":{"rendered":"Rechazan Recurso de Protecci\u00f3n en Contra de la Comisi\u00f3n de Evaluaci\u00f3n Ambiental  por el Proyecto de la Minicentral de Pasada Itata"},"content":{"rendered":"<p style=\"text-align: justify;\">Chill\u00e1n, martes 03 de marzo del 2015: El d\u00eda 25 de febrero pasado la Corte de Apelaciones de Chill\u00e1n rechaz\u00f3 el recurso de protecci\u00f3n presentado por la Agrupaci\u00f3n Cultural Medioambiental de Yungay \u201cACMAY\u201d en contra de la Comisi\u00f3n de Evaluaci\u00f3n Ambiental de la Regi\u00f3n del B\u00edo B\u00edo, que buscaba dejar sin efecto la aprobaci\u00f3n de la RCA de la Minicentral de Pasada Itata.<\/p>\n<p style=\"text-align: justify;\">En el recurso, ACMAY se\u00f1alaba que la central \u00abafectar\u00eda el derecho a vivir en un medioambiente libre de contaminaci\u00f3n\u00bb, y que la Comisi\u00f3n de Evaluaci\u00f3n Ambiental habr\u00eda actuado en forma ilegal y arbitraria en la dictaci\u00f3n de la RCA.<\/p>\n<p style=\"text-align: justify;\">Luego del an\u00e1lisis de los antecedentes, el fallo estim\u00f3 que \u201cla decisi\u00f3n de la autoridad, lejos de ser improvisada, producto del capricho o sin fundamento razonable, fue la culminaci\u00f3n de un proceso largamente decantado, en base a un c\u00famulo de antecedentes t\u00e9cnicos, todo lo cual impide el reproche de un actuar arbitrario y por otro lado, lo que se pretende es que se analice la validez de un acto administrativo ambiental terminal y ejecutoriado, que como tal goza de presunci\u00f3n de legalidad seg\u00fan lo reconoce la Ley N\u00b0 19.880\u201d.<\/p>\n<p style=\"text-align: justify;\">La \u00abMinicentral de Pasada Itata\u00bb, generar\u00e1 20 MW de energ\u00eda el\u00e9ctrica, captando aguas desde el r\u00edo Itata, con el fin de entregar la energ\u00eda generada al sistema Interconectado Central (SIC), el que se localiza en la Regi\u00f3n del B\u00edo B\u00edo en el sector del Salto del Itata.<\/p>\n","protected":false},"excerpt":{"rendered":"<p>Chill\u00e1n, martes 03 de marzo del 2015: El d\u00eda 25 de febrero pasado la Corte de Apelaciones de Chill\u00e1n rechaz\u00f3 el recurso de protecci\u00f3n presentado por la Agrupaci\u00f3n Cultural Medioambiental de Yungay \u201cACMAY\u201d en&#46;&#46;&#46;<\/p>\n","protected":false},"author":2,"featured_media":12741,"comment_status":"open","ping_status":"open","sticky":false,"template":"","format":"standard","meta":{"footnotes":""},"categories":[3,1],"tags":[1115,880,8,6],"class_list":["post-12739","post","type-post","status-publish","format-standard","has-post-thumbnail","hentry","category-actualidad","category-noticias","tag-noticias","tag-salto-del-itata","tag-yungay","tag-yungayino"],"_links":{"self":[{"href":"https:\/\/www.yungayino.cl\/noticias\/index.php?rest_route=\/wp\/v2\/posts\/12739","targetHints":{"allow":["GET"]}}],"collection":[{"href":"https:\/\/www.yungayino.cl\/noticias\/index.php?rest_route=\/wp\/v2\/posts"}],"about":[{"href":"https:\/\/www.yungayino.cl\/noticias\/index.php?rest_route=\/wp\/v2\/types\/post"}],"author":[{"embeddable":true,"href":"https:\/\/www.yungayino.cl\/noticias\/index.php?rest_route=\/wp\/v2\/users\/2"}],"replies":[{"embeddable":true,"href":"https:\/\/www.yungayino.cl\/noticias\/index.php?rest_route=%2Fwp%2Fv2%2Fcomments&post=12739"}],"version-history":[{"count":1,"href":"https:\/\/www.yungayino.cl\/noticias\/index.php?rest_route=\/wp\/v2\/posts\/12739\/revisions"}],"predecessor-version":[{"id":12742,"href":"https:\/\/www.yungayino.cl\/noticias\/index.php?rest_route=\/wp\/v2\/posts\/12739\/revisions\/12742"}],"wp:featuredmedia":[{"embeddable":true,"href":"https:\/\/www.yungayino.cl\/noticias\/index.php?rest_route=\/wp\/v2\/media\/12741"}],"wp:attachment":[{"href":"https:\/\/www.yungayino.cl\/noticias\/index.php?rest_route=%2Fwp%2Fv2%2Fmedia&parent=12739"}],"wp:term":[{"taxonomy":"category","embeddable":true,"href":"https:\/\/www.yungayino.cl\/noticias\/index.php?rest_route=%2Fwp%2Fv2%2Fcategories&post=12739"},{"taxonomy":"post_tag","embeddable":true,"href":"https:\/\/www.yungayino.cl\/noticias\/index.php?rest_route=%2Fwp%2Fv2%2Ftags&post=12739"}],"curies":[{"name":"wp","href":"https:\/\/api.w.org\/{rel}","templated":true}]}}