{"id":1277,"date":"2009-06-21T20:00:29","date_gmt":"2009-06-22T00:00:29","guid":{"rendered":"http:\/\/www.yungayino.cl\/noticias\/?p=1277"},"modified":"2009-06-21T20:23:33","modified_gmt":"2009-06-22T00:23:33","slug":"yungayina-angelica-sepulveda-portada-de-diarios-y-programas-de-television","status":"publish","type":"post","link":"https:\/\/www.yungayino.cl\/noticias\/?p=1277","title":{"rendered":"Yungayina Ang\u00e9lica Sep\u00falveda Portada de Diarios y Programas de Televisi\u00f3n"},"content":{"rendered":"<p><img decoding=\"async\" src=\"http:\/\/www.yungayino.cl\/imagenes\/20081231angelica.jpg\" alt=\"Ang\u00e9lica Sep\u00falveda, Yungayina participante del Reality 1810\" \/><\/p>\n<p align=\"justify\"><font size=\"2\">Ang\u00e9lica Sep\u00falveda, la representante Yungayina y finalista del exitoso Reality \u201c1810\u201d es portada de diarios e invitada de programas de televisi\u00f3n, fue as\u00cd como hizo de las suyas el  s\u00e1bado 20 de Junio  en el Programa de Gigantes con Vivi de Canal 13 donde  fue entrevistada y adem\u00e1s canto junto al exitoso grupo \u201cLos Charros de Lumaco\u201d con quienes hab\u00eda debutado el d\u00eda anterior en el famoso Restaurant \u201cLa Tuna\u201d de Santiago donde fue aplaudida  por el publico presente y adem\u00e1s premiada con la Tuna de Plata. Ang\u00e9lica manifest\u00f3 en el programa el sue\u00f1o de dedicarse a la pol\u00edtica donde no descarto la futura candidatura a concejala por la comuna de Yungay. Y Para finalizar la entrevista realizada por la hija de Don Francisco utiliz\u00f3 las pantallas de canal 13 para invitar a toda la comunidad Yungayina y alrededores a una presentaci\u00f3n que realizar\u00e1 junto a los Charros Junior, este viernes 26 de junio a las 20:00 horas en el sal\u00f3n Comunitario de nuestra Comuna a beneficio de la 4ta. Compa\u00f1\u00eda de Bomberos de Yungay. Tambi\u00e9n se\u00f1alar que ma\u00f1ana se mostrar\u00e1 en el programa del matinal \u201cViva la ma\u00f1ana\u201d, el reportaje realizado por Francisco Saavedra a Ang\u00e9lica junto a su familia en Yungay, donde mostrar\u00e1 una nueva faceta de esta Mujer que ha hecho noticia durante los \u00faltimos meses.<br \/>\n<a href=\"http:\/\/www.youtube.com\/watch?v=uIP7xn0P_4o\">Debut de Ang\u00e9lica Como Cantante<\/a><br \/>\n<a href=\"http:\/\/espectaculos.canal13.cl\/noticias\/television\/734.htm\">Ver Video Gugantes Con Vivi<\/a><br \/>\n<a href=\"http:\/\/www.yungayino.cl\/noticias\/?p=1277#comments\">Comente Aqu\u00ed<\/a><\/font><\/p>\n","protected":false},"excerpt":{"rendered":"<p>Ang\u00e9lica Sep\u00falveda, la representante Yungayina y finalista del exitoso Reality \u201c1810\u201d es portada de diarios e invitada de programas de televisi\u00f3n, fue as\u00cd como hizo de las suyas el s\u00e1bado 20 de Junio en&#46;&#46;&#46;<\/p>\n","protected":false},"author":2,"featured_media":15028,"comment_status":"open","ping_status":"open","sticky":false,"template":"","format":"standard","meta":{"footnotes":""},"categories":[1],"tags":[18,55,1115,20,8,54],"class_list":["post-1277","post","type-post","status-publish","format-standard","has-post-thumbnail","hentry","category-noticias","tag-18","tag-angelica","tag-noticias","tag-reality","tag-yungay","tag-yungayina"],"_links":{"self":[{"href":"https:\/\/www.yungayino.cl\/noticias\/index.php?rest_route=\/wp\/v2\/posts\/1277","targetHints":{"allow":["GET"]}}],"collection":[{"href":"https:\/\/www.yungayino.cl\/noticias\/index.php?rest_route=\/wp\/v2\/posts"}],"about":[{"href":"https:\/\/www.yungayino.cl\/noticias\/index.php?rest_route=\/wp\/v2\/types\/post"}],"author":[{"embeddable":true,"href":"https:\/\/www.yungayino.cl\/noticias\/index.php?rest_route=\/wp\/v2\/users\/2"}],"replies":[{"embeddable":true,"href":"https:\/\/www.yungayino.cl\/noticias\/index.php?rest_route=%2Fwp%2Fv2%2Fcomments&post=1277"}],"version-history":[{"count":6,"href":"https:\/\/www.yungayino.cl\/noticias\/index.php?rest_route=\/wp\/v2\/posts\/1277\/revisions"}],"predecessor-version":[{"id":1283,"href":"https:\/\/www.yungayino.cl\/noticias\/index.php?rest_route=\/wp\/v2\/posts\/1277\/revisions\/1283"}],"wp:featuredmedia":[{"embeddable":true,"href":"https:\/\/www.yungayino.cl\/noticias\/index.php?rest_route=\/wp\/v2\/media\/15028"}],"wp:attachment":[{"href":"https:\/\/www.yungayino.cl\/noticias\/index.php?rest_route=%2Fwp%2Fv2%2Fmedia&parent=1277"}],"wp:term":[{"taxonomy":"category","embeddable":true,"href":"https:\/\/www.yungayino.cl\/noticias\/index.php?rest_route=%2Fwp%2Fv2%2Fcategories&post=1277"},{"taxonomy":"post_tag","embeddable":true,"href":"https:\/\/www.yungayino.cl\/noticias\/index.php?rest_route=%2Fwp%2Fv2%2Ftags&post=1277"}],"curies":[{"name":"wp","href":"https:\/\/api.w.org\/{rel}","templated":true}]}}