{"id":12791,"date":"2015-03-20T10:00:43","date_gmt":"2015-03-20T13:00:43","guid":{"rendered":"http:\/\/www.yungayino.cl\/noticias\/?p=12791"},"modified":"2015-03-20T12:29:13","modified_gmt":"2015-03-20T15:29:13","slug":"hospital-de-yungay-cuenta-con-nueva-ambulancia","status":"publish","type":"post","link":"https:\/\/www.yungayino.cl\/noticias\/?p=12791","title":{"rendered":"Hospital de Yungay Cuenta con Nueva Ambulancia"},"content":{"rendered":"<p style=\"text-align: justify;\">Yungay, mi\u00e9rcoles 18 de marzo 2015: En un significativo acto, el Director del Hospital Comunitario de Salud Familiar Pedro Morales Campos de Yungay, Sr. Osvaldo Acevedo Guti\u00e9rrez hizo entrega de una nueva ambulancia al Consejo de Desarrollo Hospitalario para el servicio de la Comunidad.<\/p>\n<p style=\"text-align: justify;\">La nueva ambulancia, marca Mercedes Benz 4X4, tuvo un costo de $65.807.000 y se gestion\u00f3 a trav\u00e9s de un proyecto financiado con fondos sectoriales del Ministerio de Salud, lo que es una muestra concreta que la Presidenta Michelle Bachelet y el Director de Servicio de Salud \u00d1uble Dr. Iv\u00e1n Paul\u00a0est\u00e1n apoyando al Hospital de Yungay, as\u00ed lo se\u00f1alo el Director a los presentes en su discurso.<\/p>\n<p style=\"text-align: justify;\">Se\u00f1alar tambi\u00e9n que durante el acto de entrega dos pastores realizaron oraci\u00f3n y el sacerdote de nuestra comuna, Padre Nelson Jara, realiz\u00f3 la \u00a0bendici\u00f3n de la nueva ambulancia; por su parte el Director del Hospital agradeci\u00f3 el apoyo del Ministerio de Salud con nuestro Hospital, ya que hac\u00eda muchos a\u00f1os que no se ten\u00eda una ambulancia nueva, por lo que \u00e9ste es un gran logro, se\u00f1alando que se busca ser un hospital cercano a la comunidad, un hospital que quiere crecer para atender mejor a las personas, para estar al servicio de los usuarios y usuarias de nuestra comuna.<\/p>\n<p style=\"text-align: justify;\">Finalmente el Director hizo entrega de manera simb\u00f3lica de las llaves de esta nueva ambulancia a un conductor del Establecimiento de Salud.<\/p>\n<p style=\"text-align: justify;\">[su_button url=\u00bbhttps:\/\/www.facebook.com\/media\/set\/?set=a.1040702585944780.1073742463.159561284058919&amp;type=1&#8243; target=\u00bbblank\u00bb size=\u00bb7&#8243; radius=\u00bbround\u00bb icon=\u00bbicon: camera-retro\u00bb]Fotograf\u00edas &#8211; Hospital de Yungay Cuenta con Nueva Ambulancia[\/su_button]<\/p>\n","protected":false},"excerpt":{"rendered":"<p>Yungay, mi\u00e9rcoles 18 de marzo 2015: En un significativo acto, el Director del Hospital Comunitario de Salud Familiar Pedro Morales Campos de Yungay, Sr. Osvaldo Acevedo Guti\u00e9rrez hizo entrega de una nueva ambulancia al&#46;&#46;&#46;<\/p>\n","protected":false},"author":2,"featured_media":12792,"comment_status":"open","ping_status":"open","sticky":false,"template":"","format":"standard","meta":{"footnotes":""},"categories":[3,1,32],"tags":[1061,421,1115,8,6],"class_list":["post-12791","post","type-post","status-publish","format-standard","has-post-thumbnail","hentry","category-actualidad","category-noticias","category-servicios","tag-ambulancia","tag-hospital-de-yungay","tag-noticias","tag-yungay","tag-yungayino"],"_links":{"self":[{"href":"https:\/\/www.yungayino.cl\/noticias\/index.php?rest_route=\/wp\/v2\/posts\/12791","targetHints":{"allow":["GET"]}}],"collection":[{"href":"https:\/\/www.yungayino.cl\/noticias\/index.php?rest_route=\/wp\/v2\/posts"}],"about":[{"href":"https:\/\/www.yungayino.cl\/noticias\/index.php?rest_route=\/wp\/v2\/types\/post"}],"author":[{"embeddable":true,"href":"https:\/\/www.yungayino.cl\/noticias\/index.php?rest_route=\/wp\/v2\/users\/2"}],"replies":[{"embeddable":true,"href":"https:\/\/www.yungayino.cl\/noticias\/index.php?rest_route=%2Fwp%2Fv2%2Fcomments&post=12791"}],"version-history":[{"count":2,"href":"https:\/\/www.yungayino.cl\/noticias\/index.php?rest_route=\/wp\/v2\/posts\/12791\/revisions"}],"predecessor-version":[{"id":12794,"href":"https:\/\/www.yungayino.cl\/noticias\/index.php?rest_route=\/wp\/v2\/posts\/12791\/revisions\/12794"}],"wp:featuredmedia":[{"embeddable":true,"href":"https:\/\/www.yungayino.cl\/noticias\/index.php?rest_route=\/wp\/v2\/media\/12792"}],"wp:attachment":[{"href":"https:\/\/www.yungayino.cl\/noticias\/index.php?rest_route=%2Fwp%2Fv2%2Fmedia&parent=12791"}],"wp:term":[{"taxonomy":"category","embeddable":true,"href":"https:\/\/www.yungayino.cl\/noticias\/index.php?rest_route=%2Fwp%2Fv2%2Fcategories&post=12791"},{"taxonomy":"post_tag","embeddable":true,"href":"https:\/\/www.yungayino.cl\/noticias\/index.php?rest_route=%2Fwp%2Fv2%2Ftags&post=12791"}],"curies":[{"name":"wp","href":"https:\/\/api.w.org\/{rel}","templated":true}]}}