{"id":12795,"date":"2015-03-23T09:47:19","date_gmt":"2015-03-23T12:47:19","guid":{"rendered":"http:\/\/www.yungayino.cl\/noticias\/?p=12795"},"modified":"2015-03-23T09:47:19","modified_gmt":"2015-03-23T12:47:19","slug":"con-diversos-proyectos-para-la-educacion-municipal-se-inaugura-ano-escolar-2015-en-yungay","status":"publish","type":"post","link":"https:\/\/www.yungayino.cl\/noticias\/?p=12795","title":{"rendered":"Con Diversos Proyectos Para la Educaci\u00f3n Municipal se Inaugura A\u00f1o Escolar 2015 en Yungay"},"content":{"rendered":"<p style=\"text-align: justify;\">Yungay, lunes 23 de marzo 2015: Con diversos proyectos para la comuna, y un acto realizado en las dependencias de la Escuela Ranchillos, se dio por inaugurado el a\u00f1o escolar 2015 en Yungay, el pasado viernes 20 de marzo.<\/p>\n<p style=\"text-align: justify;\">Las diferentes actividades contaron con la presencia del alcalde Pedro Inostroza Valenzuela, el Representante de Educaci\u00f3n Provincial, Jos\u00e9 Miguel Araya, la Jefa DAEM Yungay Eugenia L\u00f3pez y diversas autoridades comunales, adem\u00e1s de la comunidad educativa.<\/p>\n<p style=\"text-align: justify;\"><strong>Inauguraci\u00f3n Sala de Rehabilitaci\u00f3n Integral: <\/strong>A las 10:00 horas se inicio el recorrido de las autoridades, donde primero se inaugur\u00f3 la nueva Sala de Rehabilitaci\u00f3n Integral que se implement\u00f3 en las dependencias del Anexo del Internado Eduardo Frei. La nueva sala que ira en ayuda de alumnos de todos los establecimientos municipales de nuestra comuna y que tienen alg\u00fan tipo de discapacidad y\/o trastorno motor, contar\u00e1 con modernas m\u00e1quinas de ejercicios, adem\u00e1s de implementos deportivos.<\/p>\n<p style=\"text-align: justify;\"><a href=\"http:\/\/www.yungayino.cl\/noticias\/wp-content\/uploads\/2015\/03\/IMG_01491.jpg\"><img loading=\"lazy\" decoding=\"async\" class=\"alignnone size-full wp-image-12803\" src=\"http:\/\/www.yungayino.cl\/noticias\/wp-content\/uploads\/2015\/03\/IMG_01491.jpg\" alt=\"IMG_0149\" width=\"600\" height=\"338\" srcset=\"https:\/\/www.yungayino.cl\/noticias\/wp-content\/uploads\/2015\/03\/IMG_01491.jpg 600w, https:\/\/www.yungayino.cl\/noticias\/wp-content\/uploads\/2015\/03\/IMG_01491-300x169.jpg 300w, https:\/\/www.yungayino.cl\/noticias\/wp-content\/uploads\/2015\/03\/IMG_01491-266x150.jpg 266w\" sizes=\"auto, (max-width: 600px) 100vw, 600px\" \/><\/a><\/p>\n<p style=\"text-align: justify;\"><strong>Inauguraci\u00f3n Centro de Equinoterapia Integral de Desarrollo Inclusivo:<\/strong>A las 11:30 horas en un espacio f\u00edsico rodeado de naturaleza, amplio y seguro como son las dependencias de la antigua Escuela de Chillancito se inaugur\u00f3 el Centro de Equinoterapia Integral de Desarrollo Inclusivo, el cual tiene como objetivo ir en ayuda a trav\u00e9s de la Hipoterapia, de las personas discapacitadas y\/o trastorno motor. Se\u00f1alar que inicialmente este gran proyecto beneficiar\u00e1 a 27 ni\u00f1os y j\u00f3venes de edades de 6 a 26 a\u00f1os, la mayor\u00eda de ellos pertenecientes al radio urbano de la comuna y que est\u00e1n insertos en el nivel educativo con modalidad de opci\u00f3n 4 b\u00e1sica y Taller Laboral, de los establecimientos educacionales Fernando Baquedano, Liceo A-17 de Yungay y Liceo T\u00e9cnico de Campanario.<\/p>\n<p style=\"text-align: justify;\"><a href=\"http:\/\/www.yungayino.cl\/noticias\/wp-content\/uploads\/2015\/03\/IMG_0250.jpg\"><img loading=\"lazy\" decoding=\"async\" class=\"alignnone size-full wp-image-12799\" src=\"http:\/\/www.yungayino.cl\/noticias\/wp-content\/uploads\/2015\/03\/IMG_0250.jpg\" alt=\"IMG_0250\" width=\"600\" height=\"373\" srcset=\"https:\/\/www.yungayino.cl\/noticias\/wp-content\/uploads\/2015\/03\/IMG_0250.jpg 600w, https:\/\/www.yungayino.cl\/noticias\/wp-content\/uploads\/2015\/03\/IMG_0250-300x187.jpg 300w, https:\/\/www.yungayino.cl\/noticias\/wp-content\/uploads\/2015\/03\/IMG_0250-241x150.jpg 241w\" sizes=\"auto, (max-width: 600px) 100vw, 600px\" \/><\/a><\/p>\n<p style=\"text-align: justify;\"><strong>Inauguraci\u00f3n A\u00f1o Acad\u00e9mico 2015: <\/strong>Finalmente pasado el medio en las dependencias de la Escuela Ranchillos se llevo a cabo la ceremonia de inauguraci\u00f3n del a\u00f1o escolar 2015 en Yungay. El acto que comenz\u00f3 con la interpretaci\u00f3n del Himno Nacional, para luego escuchar el saludo de su Director Sr. Manuel Sandoval. En la ocasi\u00f3n los alumnos de la Escuela Ranchillos realizaron una presentaci\u00f3n art\u00edstica apoyada por el docente Sr. Gilberto Correa.<\/p>\n<p style=\"text-align: justify;\"><a href=\"http:\/\/www.yungayino.cl\/noticias\/wp-content\/uploads\/2015\/03\/IMG_0458.jpg\"><img loading=\"lazy\" decoding=\"async\" class=\"alignnone size-full wp-image-12802\" src=\"http:\/\/www.yungayino.cl\/noticias\/wp-content\/uploads\/2015\/03\/IMG_0458.jpg\" alt=\"IMG_0458\" width=\"600\" height=\"373\" srcset=\"https:\/\/www.yungayino.cl\/noticias\/wp-content\/uploads\/2015\/03\/IMG_0458.jpg 600w, https:\/\/www.yungayino.cl\/noticias\/wp-content\/uploads\/2015\/03\/IMG_0458-300x187.jpg 300w, https:\/\/www.yungayino.cl\/noticias\/wp-content\/uploads\/2015\/03\/IMG_0458-241x150.jpg 241w\" sizes=\"auto, (max-width: 600px) 100vw, 600px\" \/><\/a><\/p>\n<p style=\"text-align: justify;\">Finalmente la Jefa DAEM, Sra. Eugenia L\u00f3pez fue la encargada de cerrar esta jornada de diferentes actividades con un discurso, el cu\u00e1l estuvo marcado por el reconocimiento de estos grandes logros que han sido fruto de una gran labor de esta Administraci\u00f3n y agradeci\u00f3 el compromiso de todas las autoridades que han hecho posible que se hayan concretados estos proyectos, que sin duda ayudar\u00e1n a seguir trabajando por la educaci\u00f3n de los ni\u00f1os y ni\u00f1as de Yungay.<\/p>\n<p>[su_button url=\u00bbhttps:\/\/www.facebook.com\/media\/set\/?set=a.1042675799080792.1073742464.159561284058919&amp;type=1&#8243; target=\u00bbblank\u00bb size=\u00bb7&#8243; radius=\u00bbround\u00bb icon=\u00bbicon: camera-retro\u00bb]Fotograf\u00edas &#8211; Con Diversos Proyectos Para la Educaci\u00f3n Municipal se Inaugura A\u00f1o Escolar 2015 en Yungay [\/su_button]<\/p>\n<p>&nbsp;<\/p>\n","protected":false},"excerpt":{"rendered":"<p>Yungay, lunes 23 de marzo 2015: Con diversos proyectos para la comuna, y un acto realizado en las dependencias de la Escuela Ranchillos, se dio por inaugurado el a\u00f1o escolar 2015 en Yungay, el&#46;&#46;&#46;<\/p>\n","protected":false},"author":2,"featured_media":12803,"comment_status":"open","ping_status":"open","sticky":false,"template":"","format":"standard","meta":{"footnotes":""},"categories":[1],"tags":[],"class_list":["post-12795","post","type-post","status-publish","format-standard","has-post-thumbnail","hentry","category-noticias"],"_links":{"self":[{"href":"https:\/\/www.yungayino.cl\/noticias\/index.php?rest_route=\/wp\/v2\/posts\/12795","targetHints":{"allow":["GET"]}}],"collection":[{"href":"https:\/\/www.yungayino.cl\/noticias\/index.php?rest_route=\/wp\/v2\/posts"}],"about":[{"href":"https:\/\/www.yungayino.cl\/noticias\/index.php?rest_route=\/wp\/v2\/types\/post"}],"author":[{"embeddable":true,"href":"https:\/\/www.yungayino.cl\/noticias\/index.php?rest_route=\/wp\/v2\/users\/2"}],"replies":[{"embeddable":true,"href":"https:\/\/www.yungayino.cl\/noticias\/index.php?rest_route=%2Fwp%2Fv2%2Fcomments&post=12795"}],"version-history":[{"count":5,"href":"https:\/\/www.yungayino.cl\/noticias\/index.php?rest_route=\/wp\/v2\/posts\/12795\/revisions"}],"predecessor-version":[{"id":12804,"href":"https:\/\/www.yungayino.cl\/noticias\/index.php?rest_route=\/wp\/v2\/posts\/12795\/revisions\/12804"}],"wp:featuredmedia":[{"embeddable":true,"href":"https:\/\/www.yungayino.cl\/noticias\/index.php?rest_route=\/wp\/v2\/media\/12803"}],"wp:attachment":[{"href":"https:\/\/www.yungayino.cl\/noticias\/index.php?rest_route=%2Fwp%2Fv2%2Fmedia&parent=12795"}],"wp:term":[{"taxonomy":"category","embeddable":true,"href":"https:\/\/www.yungayino.cl\/noticias\/index.php?rest_route=%2Fwp%2Fv2%2Fcategories&post=12795"},{"taxonomy":"post_tag","embeddable":true,"href":"https:\/\/www.yungayino.cl\/noticias\/index.php?rest_route=%2Fwp%2Fv2%2Ftags&post=12795"}],"curies":[{"name":"wp","href":"https:\/\/api.w.org\/{rel}","templated":true}]}}