{"id":12818,"date":"2015-03-31T21:00:08","date_gmt":"2015-04-01T00:00:08","guid":{"rendered":"http:\/\/www.yungayino.cl\/noticias\/?p=12818"},"modified":"2015-03-31T22:32:08","modified_gmt":"2015-04-01T01:32:08","slug":"en-yungay-se-realizo-ceremonia-inaugural-del-programa-dual-ano-2015","status":"publish","type":"post","link":"https:\/\/www.yungayino.cl\/noticias\/?p=12818","title":{"rendered":"En Yungay se Realiz\u00f3 Ceremonia Inaugural del Programa Dual A\u00f1o 2015"},"content":{"rendered":"<p style=\"text-align: justify;\">Yungay, 31 de marzo 2015: En el Auditorio de la Biblioteca Municipal se llevo a cabo a partir de las 10:00 horas la Ceremonia Inaugural del Programa Dual a\u00f1o 2015 organizada por el Liceo A \u2013 17 de nuestra comuna.<\/p>\n<p style=\"text-align: justify;\">La actividad cont\u00f3 con la asistencia del alcalde Pedro Inostroza Valenzuela, la Jefa del Departamento de Educaci\u00f3n, Eugenia L\u00f3pez, el Gerente de Remanufactura y Vigas Laminadas Planta Cholgu\u00e1n\u00a0pertenecientes al holding Arauco y Presidente del Consejo Asesor Empresarial, Rodrigo Inostroza, Concejales, Empresarios y Alumnos.<\/p>\n<p style=\"text-align: justify;\">En la ocasi\u00f3n el Director del Liceo A-17, Sergio Villalobos manifiesto a los presente la importancia del inicio del programa de formaci\u00f3n dual, donde los alumnos de la especialidad de Administraci\u00f3n y Electricidad se desempe\u00f1ar\u00e1n a partir del pr\u00f3ximo 07 de abril en capacitarse y especializarse en la Empresa Arauco con visitas a las instalaciones dos veces a la semana.<\/p>\n<p style=\"text-align: justify;\">Por su parte el alcalde Pedro Inostroza, manifest\u00f3 su alegr\u00eda por este programa y se\u00f1alo que el municipio siempre dar\u00e1 todo el apoyo necesario para que los alumnos puedan desarrollarse en el futuro, adem\u00e1s agradeci\u00f3 el apoyo empresarial en este programa.<\/p>\n<p style=\"text-align: justify;\">Por su parte Rodrigo Inostroza, se\u00f1alo al Equipo del Portal Yungayino.cl que para Arauco es muy motivante apoyar a los j\u00f3venes en este programa, ya que as\u00ed los alumnos tendr\u00e1n la oportunidad en el futuro laboral de trabajar en la empresa y tambi\u00e9n evitar que los j\u00f3venes emigren a otro lugar en busca de trabajo y as\u00ed mantener mano de obra local y contar con alumnos capacitados no tan solo en lo t\u00e9cnico, sino tambi\u00e9n, en lo social como la efectividad en el cumplimiento de tareas, el respeto, y por sobre todo la disposici\u00f3n al trabajo de buen nivel t\u00e9cnico. Tambi\u00e9n destac\u00f3 la charla de seguridad dictada por el Superintendente de Masso, Cristi\u00e1n Leigton, qui\u00e9n expuso a los j\u00f3venes sobre el principal valor corporativo de Arauco que es, la seguridad est\u00e1 primero ante todo, y donde los alumnos deber\u00e1n formar parte de este valor desde los inicios de su pr\u00e1ctica para que nunca les suceda ning\u00fan accidente a ellos y ni a sus trabajadores.<\/p>\n<p style=\"text-align: justify;\">Finalmente terminada la ceremonia los presentes compartieron un coctel.<\/p>\n<p style=\"text-align: justify;\">[su_button url=\u00bbhttps:\/\/www.facebook.com\/media\/set\/?set=a.1048059075209131.1073742468.159561284058919&amp;type=1&#8243; target=\u00bbblank\u00bb size=\u00bb7&#8243; radius=\u00bbround\u00bb icon=\u00bbicon: camera-retro\u00bb]Fotograf\u00edas &#8211; En Yungay se Realiz\u00f3 Ceremonia Inaugural del Programa Dual A\u00f1o 2015[\/su_button]<\/p>\n","protected":false},"excerpt":{"rendered":"<p>Yungay, 31 de marzo 2015: En el Auditorio de la Biblioteca Municipal se llevo a cabo a partir de las 10:00 horas la Ceremonia Inaugural del Programa Dual a\u00f1o 2015 organizada por el Liceo&#46;&#46;&#46;<\/p>\n","protected":false},"author":2,"featured_media":12819,"comment_status":"open","ping_status":"open","sticky":false,"template":"","format":"standard","meta":{"footnotes":""},"categories":[1],"tags":[1062,1115,8,6],"class_list":["post-12818","post","type-post","status-publish","format-standard","has-post-thumbnail","hentry","category-noticias","tag-educacion-dual","tag-noticias","tag-yungay","tag-yungayino"],"_links":{"self":[{"href":"https:\/\/www.yungayino.cl\/noticias\/index.php?rest_route=\/wp\/v2\/posts\/12818","targetHints":{"allow":["GET"]}}],"collection":[{"href":"https:\/\/www.yungayino.cl\/noticias\/index.php?rest_route=\/wp\/v2\/posts"}],"about":[{"href":"https:\/\/www.yungayino.cl\/noticias\/index.php?rest_route=\/wp\/v2\/types\/post"}],"author":[{"embeddable":true,"href":"https:\/\/www.yungayino.cl\/noticias\/index.php?rest_route=\/wp\/v2\/users\/2"}],"replies":[{"embeddable":true,"href":"https:\/\/www.yungayino.cl\/noticias\/index.php?rest_route=%2Fwp%2Fv2%2Fcomments&post=12818"}],"version-history":[{"count":2,"href":"https:\/\/www.yungayino.cl\/noticias\/index.php?rest_route=\/wp\/v2\/posts\/12818\/revisions"}],"predecessor-version":[{"id":12821,"href":"https:\/\/www.yungayino.cl\/noticias\/index.php?rest_route=\/wp\/v2\/posts\/12818\/revisions\/12821"}],"wp:featuredmedia":[{"embeddable":true,"href":"https:\/\/www.yungayino.cl\/noticias\/index.php?rest_route=\/wp\/v2\/media\/12819"}],"wp:attachment":[{"href":"https:\/\/www.yungayino.cl\/noticias\/index.php?rest_route=%2Fwp%2Fv2%2Fmedia&parent=12818"}],"wp:term":[{"taxonomy":"category","embeddable":true,"href":"https:\/\/www.yungayino.cl\/noticias\/index.php?rest_route=%2Fwp%2Fv2%2Fcategories&post=12818"},{"taxonomy":"post_tag","embeddable":true,"href":"https:\/\/www.yungayino.cl\/noticias\/index.php?rest_route=%2Fwp%2Fv2%2Ftags&post=12818"}],"curies":[{"name":"wp","href":"https:\/\/api.w.org\/{rel}","templated":true}]}}