{"id":12931,"date":"2015-04-24T22:00:34","date_gmt":"2015-04-25T01:00:34","guid":{"rendered":"http:\/\/www.yungayino.cl\/noticias\/?p=12931"},"modified":"2015-04-24T23:29:58","modified_gmt":"2015-04-25T02:29:58","slug":"en-yungay-se-celebro-el-dia-internacional-del-libro-2","status":"publish","type":"post","link":"https:\/\/www.yungayino.cl\/noticias\/?p=12931","title":{"rendered":"En Yungay se Celebr\u00f3 el \u201cD\u00eda Internacional del Libro\u201d"},"content":{"rendered":"<p style=\"text-align: justify;\">Yungay, jueves 23 de abril 2015: En las dependencias del Auditorio de la Biblioteca Municipal se celebr\u00f3 en nuestra comuna con un acto el <strong>\u201cD\u00eda Internacional del Libro\u201d,<\/strong> cuya conmemoraci\u00f3n es celebrada a nivel mundial con el objetivo de fomentar la lectura, la industria editorial y la protecci\u00f3n de la propiedad intelectual por medio del derecho de autor.<\/p>\n<p style=\"text-align: justify;\">El acto que fue liderado por el Liceo A-17 de Yungay, cont\u00f3 con la asistencia del alcalde Pedro Inostroza, adem\u00e1s de autoridades e invitados especiales y destacados expositores, quienes interpretaron el Himno Nacional para dar comienzo a este acto.<\/p>\n<p style=\"text-align: justify;\">Luego el alumno de Cuarto A\u00f1o \u201cA\u201d, Diego Parra Cid realiz\u00f3 una declamaci\u00f3n de un poema de su propia autor\u00eda titulada \u201cEl artista y el viejo\u201d, donde profundiz\u00f3 su arte con el uso armonioso de su voz y la sutileza de sus gestos y m\u00edmica<\/p>\n<p style=\"text-align: justify;\">A continuaci\u00f3n expuso en torno al tema <strong>\u201cEl libro en nuestra formaci\u00f3n cultural\u201d<\/strong> para todos los presentes el Sr. Alejandro Wiltker Vel\u00e1squez, destacado catedr\u00e1tico de la Universidad de Chile y M\u00e9xico, adem\u00e1s de autor de 25 libros y folletos sobre historia, pol\u00edtica y cultura. Y luego fue el turno de exponer del Sr. Juan Pablo Garrido Urrejola, destacado Actor-Director Teatral-Dramaturgo y Premio Municipal de Arte Chill\u00e1n 2014.<\/p>\n<p style=\"text-align: justify;\">Tambi\u00e9n destacar que en la ocasi\u00f3n se llevo a cabo la premiaci\u00f3n para los alumnos que participaron del Primer Concurso de Microcuento, el cual se realizo con el prop\u00f3sito de incentivar a los estudiantes.<\/p>\n<p style=\"text-align: justify;\">Finalmente que durante la jornada el equipo de la Biblioteca Municipal tambi\u00e9n desarrollo diferentes actividades para la comunidad con motivo de la celebraci\u00f3n de este importa d\u00eda del libro.<\/p>\n<p style=\"text-align: justify;\"><strong>[su_button url=\u00bbhttps:\/\/www.facebook.com\/media\/set\/?set=a.1062806467067725.1073742484.159561284058919&amp;type=1&#8243; target=\u00bbblank\u00bb size=\u00bb7&#8243; radius=\u00bbround\u00bb icon=\u00bbicon: camera-retro\u00bb]Fotograf\u00edas &#8211; En Yungay se Celebr\u00f3 el \u201cD\u00eda Internacional del Libro\u201d[\/su_button]<\/strong><\/p>\n","protected":false},"excerpt":{"rendered":"<p>Yungay, jueves 23 de abril 2015: En las dependencias del Auditorio de la Biblioteca Municipal se celebr\u00f3 en nuestra comuna con un acto el \u201cD\u00eda Internacional del Libro\u201d, cuya conmemoraci\u00f3n es celebrada a nivel&#46;&#46;&#46;<\/p>\n","protected":false},"author":2,"featured_media":12932,"comment_status":"open","ping_status":"open","sticky":false,"template":"","format":"standard","meta":{"footnotes":""},"categories":[3,5,1],"tags":[484,1115,8,6],"class_list":["post-12931","post","type-post","status-publish","format-standard","has-post-thumbnail","hentry","category-actualidad","category-eventos","category-noticias","tag-dia-del-libro","tag-noticias","tag-yungay","tag-yungayino"],"_links":{"self":[{"href":"https:\/\/www.yungayino.cl\/noticias\/index.php?rest_route=\/wp\/v2\/posts\/12931","targetHints":{"allow":["GET"]}}],"collection":[{"href":"https:\/\/www.yungayino.cl\/noticias\/index.php?rest_route=\/wp\/v2\/posts"}],"about":[{"href":"https:\/\/www.yungayino.cl\/noticias\/index.php?rest_route=\/wp\/v2\/types\/post"}],"author":[{"embeddable":true,"href":"https:\/\/www.yungayino.cl\/noticias\/index.php?rest_route=\/wp\/v2\/users\/2"}],"replies":[{"embeddable":true,"href":"https:\/\/www.yungayino.cl\/noticias\/index.php?rest_route=%2Fwp%2Fv2%2Fcomments&post=12931"}],"version-history":[{"count":2,"href":"https:\/\/www.yungayino.cl\/noticias\/index.php?rest_route=\/wp\/v2\/posts\/12931\/revisions"}],"predecessor-version":[{"id":12934,"href":"https:\/\/www.yungayino.cl\/noticias\/index.php?rest_route=\/wp\/v2\/posts\/12931\/revisions\/12934"}],"wp:featuredmedia":[{"embeddable":true,"href":"https:\/\/www.yungayino.cl\/noticias\/index.php?rest_route=\/wp\/v2\/media\/12932"}],"wp:attachment":[{"href":"https:\/\/www.yungayino.cl\/noticias\/index.php?rest_route=%2Fwp%2Fv2%2Fmedia&parent=12931"}],"wp:term":[{"taxonomy":"category","embeddable":true,"href":"https:\/\/www.yungayino.cl\/noticias\/index.php?rest_route=%2Fwp%2Fv2%2Fcategories&post=12931"},{"taxonomy":"post_tag","embeddable":true,"href":"https:\/\/www.yungayino.cl\/noticias\/index.php?rest_route=%2Fwp%2Fv2%2Ftags&post=12931"}],"curies":[{"name":"wp","href":"https:\/\/api.w.org\/{rel}","templated":true}]}}