{"id":12950,"date":"2015-04-28T16:00:29","date_gmt":"2015-04-28T19:00:29","guid":{"rendered":"http:\/\/www.yungayino.cl\/noticias\/?p=12950"},"modified":"2015-04-28T21:12:17","modified_gmt":"2015-04-29T00:12:17","slug":"celebracion-de-dia-del-libro-es-realizada-por-biblioteca-municipal","status":"publish","type":"post","link":"https:\/\/www.yungayino.cl\/noticias\/?p=12950","title":{"rendered":"Celebraci\u00f3n de \u201cD\u00eda del Libro\u201d es Realizada por Biblioteca Municipal"},"content":{"rendered":"<p style=\"text-align: justify;\">Yungay, martes 28 de abril 2015: Gran Celebraci\u00f3n del D\u00eda Internacional del Libro y del Derecho de Autor tuvo la Biblioteca Municipal Oreste Montero N\u00b0 64 de Yungay el pasado jueves 23 de abril, as\u00ed lo se\u00f1alo al Portal Yungayino.cl, Paulina \u00c1vila, jefa de Biblioteca.<\/p>\n<p style=\"text-align: justify;\">Dentro de las variadas actividades organizadas destacaron la realizaci\u00f3n de KAMISHIBAI (cuentos), Teatro de T\u00edteres, Premiaci\u00f3n al Mejor Lector a\u00f1o 2014 y la visita de la mascota de \u201cDon Leo\u201d al Hogar de Anciano Nuestra Se\u00f1ora de la Merced, a la Municipalidad de Yungay, al Banco del Estado y diferentes puntos de la comuna.<\/p>\n<p style=\"text-align: justify;\">Se\u00f1alar tambi\u00e9n que los alumnos de la Escuela Fernando Baquedano y Colegio Nueva Esperanza (K\u00ednder), adem\u00e1s de los Jardines Infantiles Parque Estadio y Villa Trilaleo participaron de las diferentes actividades en la Biblioteca.<\/p>\n<p style=\"text-align: justify;\">Finalmente Paulina \u00c1vila destac\u00f3 la visita de la Coordinadora Regional de Bibliotecas P\u00fablicas, ya que de las 64 bibliotecas existentes en la regi\u00f3n, ella tuvo la deferencia de escoger la nuestra para festejar este gran d\u00eda.<\/p>\n<p style=\"text-align: justify;\">[su_button url=\u00bbhttps:\/\/www.facebook.com\/media\/set\/?set=a.1065111730170532.1073742488.159561284058919&amp;type=1&#8243; target=\u00bbblank\u00bb size=\u00bb7&#8243; radius=\u00bbround\u00bb icon=\u00bbicon: camera-retro\u00bb]Fotograf\u00edas &#8211; Celebraci\u00f3n de \u201cD\u00eda del Libro\u201d es Realizada por Biblioteca Municipal [\/su_button]<\/p>\n","protected":false},"excerpt":{"rendered":"<p>Yungay, martes 28 de abril 2015: Gran Celebraci\u00f3n del D\u00eda Internacional del Libro y del Derecho de Autor tuvo la Biblioteca Municipal Oreste Montero N\u00b0 64 de Yungay el pasado jueves 23 de abril,&#46;&#46;&#46;<\/p>\n","protected":false},"author":2,"featured_media":12951,"comment_status":"open","ping_status":"open","sticky":false,"template":"","format":"standard","meta":{"footnotes":""},"categories":[1],"tags":[583,484,1115,8,6],"class_list":["post-12950","post","type-post","status-publish","format-standard","has-post-thumbnail","hentry","category-noticias","tag-biblioteca","tag-dia-del-libro","tag-noticias","tag-yungay","tag-yungayino"],"_links":{"self":[{"href":"https:\/\/www.yungayino.cl\/noticias\/index.php?rest_route=\/wp\/v2\/posts\/12950","targetHints":{"allow":["GET"]}}],"collection":[{"href":"https:\/\/www.yungayino.cl\/noticias\/index.php?rest_route=\/wp\/v2\/posts"}],"about":[{"href":"https:\/\/www.yungayino.cl\/noticias\/index.php?rest_route=\/wp\/v2\/types\/post"}],"author":[{"embeddable":true,"href":"https:\/\/www.yungayino.cl\/noticias\/index.php?rest_route=\/wp\/v2\/users\/2"}],"replies":[{"embeddable":true,"href":"https:\/\/www.yungayino.cl\/noticias\/index.php?rest_route=%2Fwp%2Fv2%2Fcomments&post=12950"}],"version-history":[{"count":2,"href":"https:\/\/www.yungayino.cl\/noticias\/index.php?rest_route=\/wp\/v2\/posts\/12950\/revisions"}],"predecessor-version":[{"id":12954,"href":"https:\/\/www.yungayino.cl\/noticias\/index.php?rest_route=\/wp\/v2\/posts\/12950\/revisions\/12954"}],"wp:featuredmedia":[{"embeddable":true,"href":"https:\/\/www.yungayino.cl\/noticias\/index.php?rest_route=\/wp\/v2\/media\/12951"}],"wp:attachment":[{"href":"https:\/\/www.yungayino.cl\/noticias\/index.php?rest_route=%2Fwp%2Fv2%2Fmedia&parent=12950"}],"wp:term":[{"taxonomy":"category","embeddable":true,"href":"https:\/\/www.yungayino.cl\/noticias\/index.php?rest_route=%2Fwp%2Fv2%2Fcategories&post=12950"},{"taxonomy":"post_tag","embeddable":true,"href":"https:\/\/www.yungayino.cl\/noticias\/index.php?rest_route=%2Fwp%2Fv2%2Ftags&post=12950"}],"curies":[{"name":"wp","href":"https:\/\/api.w.org\/{rel}","templated":true}]}}