{"id":12955,"date":"2015-04-28T20:00:08","date_gmt":"2015-04-28T23:00:08","guid":{"rendered":"http:\/\/www.yungayino.cl\/noticias\/?p=12955"},"modified":"2015-04-28T21:19:20","modified_gmt":"2015-04-29T00:19:20","slug":"liceo-de-campanario-realizo-acto-a-carabineros-en-el-88-aniversario-de-la-institucion","status":"publish","type":"post","link":"https:\/\/www.yungayino.cl\/noticias\/?p=12955","title":{"rendered":"Liceo de Campanario Realiz\u00f3 Acto a Carabineros en el 88\u00b0 Aniversario de la Instituci\u00f3n"},"content":{"rendered":"<p style=\"text-align: justify;\">Campanario, 28 de abril 2015: Durante esta ma\u00f1ana delegaciones de establecimientos de la comuna yungayina llegaron a las dependencias del Liceo T\u00e9cnico Profesional para participar de un acto en conmemoraci\u00f3n del 88\u00b0 Aniversario de Carabineros de Chile.<\/p>\n<p style=\"text-align: justify;\">La actividad fue organizada por la comunidad escolar del Liceo T\u00e9cnico Profesional Campanario y cont\u00f3 con la asistencia del alcalde Pedro Inostroza, el Mayor, Darwin Illanes, Funcionarios de Carabineros y autoridades locales.<\/p>\n<p style=\"text-align: justify;\">Comenz\u00f3 con un saludo de bienvenida, para luego interpretar el Himno Nacional, continuando con una peque\u00f1a rese\u00f1a en el marco de esta celebraci\u00f3n, adem\u00e1s de presentaciones de n\u00fameros art\u00edsticos especialmente preparados para la ocasi\u00f3n por los alumnos.<\/p>\n<p style=\"text-align: justify;\">Carmen Panes Cid, Directora del Liceo T\u00e9cnico Profesional Campanario, encargados del acto conmemorativo, destac\u00f3 la labor que realizan los funcionarios de esta instituci\u00f3n, es por eso que hizo entrega de un Galvano de reconocimiento al Mayor Darwin Illanes y al Suboficial de Carabineros, Juan Carlos Espinoza, Encargado de Asuntos Comunitarios de la Cuarta Comisar\u00eda de Yungay.<\/p>\n<p style=\"text-align: justify;\">Finalmente el acto termino con la interpretaci\u00f3n del Himno Institucional de Carabineros, para luego compartir un coctel.<\/p>\n<p style=\"text-align: justify;\">[su_button url=\u00bbhttps:\/\/www.facebook.com\/media\/set\/?set=a.1065115783503460.1073742489.159561284058919&amp;type=1&#8243; target=\u00bbblank\u00bb size=\u00bb7&#8243; radius=\u00bbround\u00bb icon=\u00bbicon: camera-retro\u00bb]Fotograf\u00edas &#8211; Liceo de Campanario Realiz\u00f3 Acto a Carabineros en el 88\u00b0 Aniversario de la Instituci\u00f3n[\/su_button]<\/p>\n","protected":false},"excerpt":{"rendered":"<p>Campanario, 28 de abril 2015: Durante esta ma\u00f1ana delegaciones de establecimientos de la comuna yungayina llegaron a las dependencias del Liceo T\u00e9cnico Profesional para participar de un acto en conmemoraci\u00f3n del 88\u00b0 Aniversario de&#46;&#46;&#46;<\/p>\n","protected":false},"author":2,"featured_media":12952,"comment_status":"open","ping_status":"open","sticky":false,"template":"","format":"standard","meta":{"footnotes":""},"categories":[1],"tags":[31,360,1115,8,6],"class_list":["post-12955","post","type-post","status-publish","format-standard","has-post-thumbnail","hentry","category-noticias","tag-campanario","tag-dia-del-carabinero","tag-noticias","tag-yungay","tag-yungayino"],"_links":{"self":[{"href":"https:\/\/www.yungayino.cl\/noticias\/index.php?rest_route=\/wp\/v2\/posts\/12955","targetHints":{"allow":["GET"]}}],"collection":[{"href":"https:\/\/www.yungayino.cl\/noticias\/index.php?rest_route=\/wp\/v2\/posts"}],"about":[{"href":"https:\/\/www.yungayino.cl\/noticias\/index.php?rest_route=\/wp\/v2\/types\/post"}],"author":[{"embeddable":true,"href":"https:\/\/www.yungayino.cl\/noticias\/index.php?rest_route=\/wp\/v2\/users\/2"}],"replies":[{"embeddable":true,"href":"https:\/\/www.yungayino.cl\/noticias\/index.php?rest_route=%2Fwp%2Fv2%2Fcomments&post=12955"}],"version-history":[{"count":3,"href":"https:\/\/www.yungayino.cl\/noticias\/index.php?rest_route=\/wp\/v2\/posts\/12955\/revisions"}],"predecessor-version":[{"id":12958,"href":"https:\/\/www.yungayino.cl\/noticias\/index.php?rest_route=\/wp\/v2\/posts\/12955\/revisions\/12958"}],"wp:featuredmedia":[{"embeddable":true,"href":"https:\/\/www.yungayino.cl\/noticias\/index.php?rest_route=\/wp\/v2\/media\/12952"}],"wp:attachment":[{"href":"https:\/\/www.yungayino.cl\/noticias\/index.php?rest_route=%2Fwp%2Fv2%2Fmedia&parent=12955"}],"wp:term":[{"taxonomy":"category","embeddable":true,"href":"https:\/\/www.yungayino.cl\/noticias\/index.php?rest_route=%2Fwp%2Fv2%2Fcategories&post=12955"},{"taxonomy":"post_tag","embeddable":true,"href":"https:\/\/www.yungayino.cl\/noticias\/index.php?rest_route=%2Fwp%2Fv2%2Ftags&post=12955"}],"curies":[{"name":"wp","href":"https:\/\/api.w.org\/{rel}","templated":true}]}}