{"id":12987,"date":"2015-05-09T13:00:29","date_gmt":"2015-05-09T16:00:29","guid":{"rendered":"http:\/\/www.yungayino.cl\/noticias\/?p=12987"},"modified":"2015-05-09T14:40:32","modified_gmt":"2015-05-09T17:40:32","slug":"celebracion-dia-de-la-madre-en-campanario","status":"publish","type":"post","link":"https:\/\/www.yungayino.cl\/noticias\/?p=12987","title":{"rendered":"Celebraci\u00f3n \u201cD\u00eda de la Madre\u201d en Campanario"},"content":{"rendered":"<p style=\"text-align: justify;\">Campanario, s\u00e1bado 08 de mayo 2015: Con gran asistencia y entusiasm\u00f3 a partir de las 20:00 horas en las dependencias del Sal\u00f3n Comunitario Multiuso se realiz\u00f3 el show art\u00edstico con motivo de la celebraci\u00f3n del \u201cD\u00eda de la Madre\u201d, organizado por el Municipio Yungayino.<\/p>\n<p style=\"text-align: justify;\">El show cont\u00f3 con la animaci\u00f3n de Carlos Ulloa, qui\u00e9n present\u00f3 al cantante Temucano Andr\u00e9s Fern\u00e1ndez Afer e inicio la fiesta para las madres de Campanario y sectores rurales de El Roble, La Palma, Pangal de Laja, Tres Ranchos, La Caba\u00f1a y Ranchillo.<\/p>\n<p style=\"text-align: justify;\">Tambi\u00e9n destacar que en la ocasi\u00f3n se les hizo entrega a todas las mamitas de un regalo, adem\u00e1s los funcionario municipales les ofrecieron dulces y caf\u00e9 mientras disfrutaban del show.<\/p>\n<p style=\"text-align: justify;\">Se\u00f1alar que la actividad estuvo liderada por la Directora del Departamento de DIDECO, Marcia Ortiz y la Concejala Ang\u00e9lica Cabezas, quienes manifestaron al Equipo del Portal Yungayino.cl, su alegr\u00eda y satisfacci\u00f3n por la hermosa actividad ,donde las mamitas disfrutaron bailando y participando de los diferentes concursos realizados.<\/p>\n<p style=\"text-align: justify;\">Finalmente el show termino con la presentaci\u00f3n del Grupo Mega Ritmo, quienes hicieron bailar a todas las madres presentes.<\/p>\n<p style=\"text-align: justify;\">[su_button url=\u00bbhttps:\/\/www.facebook.com\/media\/set\/?set=a.1070502759631429.1073742493.159561284058919&amp;type=1&#8243; target=\u00bbblank\u00bb size=\u00bb7&#8243; radius=\u00bbround\u00bb icon=\u00bbicon: camera-retro\u00bb]Fotograf\u00edas &#8211; Celebraci\u00f3n \u201cD\u00eda de la Madre\u201d en Campanario[\/su_button]<\/p>\n","protected":false},"excerpt":{"rendered":"<p>Campanario, s\u00e1bado 08 de mayo 2015: Con gran asistencia y entusiasm\u00f3 a partir de las 20:00 horas en las dependencias del Sal\u00f3n Comunitario Multiuso se realiz\u00f3 el show art\u00edstico con motivo de la celebraci\u00f3n&#46;&#46;&#46;<\/p>\n","protected":false},"author":2,"featured_media":12988,"comment_status":"open","ping_status":"open","sticky":false,"template":"","format":"standard","meta":{"footnotes":""},"categories":[5,1],"tags":[31,671,1115,6],"class_list":["post-12987","post","type-post","status-publish","format-standard","has-post-thumbnail","hentry","category-eventos","category-noticias","tag-campanario","tag-dia-de-la-madre","tag-noticias","tag-yungayino"],"_links":{"self":[{"href":"https:\/\/www.yungayino.cl\/noticias\/index.php?rest_route=\/wp\/v2\/posts\/12987","targetHints":{"allow":["GET"]}}],"collection":[{"href":"https:\/\/www.yungayino.cl\/noticias\/index.php?rest_route=\/wp\/v2\/posts"}],"about":[{"href":"https:\/\/www.yungayino.cl\/noticias\/index.php?rest_route=\/wp\/v2\/types\/post"}],"author":[{"embeddable":true,"href":"https:\/\/www.yungayino.cl\/noticias\/index.php?rest_route=\/wp\/v2\/users\/2"}],"replies":[{"embeddable":true,"href":"https:\/\/www.yungayino.cl\/noticias\/index.php?rest_route=%2Fwp%2Fv2%2Fcomments&post=12987"}],"version-history":[{"count":3,"href":"https:\/\/www.yungayino.cl\/noticias\/index.php?rest_route=\/wp\/v2\/posts\/12987\/revisions"}],"predecessor-version":[{"id":12991,"href":"https:\/\/www.yungayino.cl\/noticias\/index.php?rest_route=\/wp\/v2\/posts\/12987\/revisions\/12991"}],"wp:featuredmedia":[{"embeddable":true,"href":"https:\/\/www.yungayino.cl\/noticias\/index.php?rest_route=\/wp\/v2\/media\/12988"}],"wp:attachment":[{"href":"https:\/\/www.yungayino.cl\/noticias\/index.php?rest_route=%2Fwp%2Fv2%2Fmedia&parent=12987"}],"wp:term":[{"taxonomy":"category","embeddable":true,"href":"https:\/\/www.yungayino.cl\/noticias\/index.php?rest_route=%2Fwp%2Fv2%2Fcategories&post=12987"},{"taxonomy":"post_tag","embeddable":true,"href":"https:\/\/www.yungayino.cl\/noticias\/index.php?rest_route=%2Fwp%2Fv2%2Ftags&post=12987"}],"curies":[{"name":"wp","href":"https:\/\/api.w.org\/{rel}","templated":true}]}}