{"id":12992,"date":"2015-05-10T19:00:52","date_gmt":"2015-05-10T22:00:52","guid":{"rendered":"http:\/\/www.yungayino.cl\/noticias\/?p=12992"},"modified":"2015-05-10T21:41:26","modified_gmt":"2015-05-11T00:41:26","slug":"se-inicia-postulacion-de-yungay-para-capital-de-la-provincia-de-diguillin","status":"publish","type":"post","link":"https:\/\/www.yungayino.cl\/noticias\/?p=12992","title":{"rendered":"Se Inicia Postulaci\u00f3n de Yungay para Capital de la Provincia de Diguill\u00edn"},"content":{"rendered":"<p style=\"text-align: justify;\">Yungay, domingo 10 de mayo 2015: En la Sede de Rotary Club Yungay el pasado s\u00e1bado 02 de mayo 2015 a las 17 horas, Mauricio Hern\u00e1ndez Stuardo, Presidente del Partido Radical de Yungay convoco a la primera reuni\u00f3n de coordinaci\u00f3n <strong>\u201cYungay Capital Provincia de Diguill\u00edn\u00bb.<\/strong><\/p>\n<p style=\"text-align: justify;\">Con la participaci\u00f3n de los concejales Juana Sandoval Rojas (DC) y Francisco Gui\u00f1ez Arriagada (UDI), miembros de las fuerzas pol\u00edticas comunales, Mauricio Hern\u00e1ndez Stuardo Presidente PRSD, Exequiel Espinoza Secretario PRSD, H\u00e9ctor Vidal Presidente PC, Felipe Vogel Presidente Juventud Regional UDI, Carlos Montecinos Stuardo Delegado PRSD, Luis C\u00e1rdenas Astorga ex Alcalde de la Comuna DC, Rodrigo Hern\u00e1ndez Stuardo, Asesor de la Subsecretaria de Desarrollo Regional del Ministerio del Interior (Subdere) y Luis Silva Mieres representante de Centro Cultural Yungay.<\/p>\n<p style=\"text-align: justify;\">Al conocer y debatir diferentes propuestas de la futura Regi\u00f3n de \u00d1uble, el Informe de la Universidad de Concepci\u00f3n encargado por la SUBDERE y la declaraci\u00f3n efectuada por los CORES el d\u00eda 27 de febrero de 2015, las cuales proponen la creaci\u00f3n de cuatro provincias al interior de la pr\u00f3xima regi\u00f3n, sit\u00faan a Yungay, Pemuco, El Carmen, San Ignacio, Bulnes y Quill\u00f3n como parte de la provincia de Diguill\u00edn. Todos los presentes se mostraron conformes en apoyar la creaci\u00f3n de la nueva Regi\u00f3n e incluir en ella 4 provincias y proponer al Ministerio del Interior, nominar a la comuna de Yungay como Capital de la Provincia de Diguill\u00edn.<\/p>\n<p style=\"text-align: justify;\">Como primera medida, se redactar\u00e1 una carta la cual ser\u00e1 enviada al Ministerio del Interior con la propuesta de Capital Provincial, la cual deber\u00e1 estar escrita en un corto plazo para ser firmada por los referentes comunales de todos los colores pol\u00edticos, adem\u00e1s se delegaron tareas en los \u00e1mbitos de comunicaciones, redes sociales, historia, aspectos socioculturales y ventajas comparativas. Todas estas medidas deber\u00e1n estar finalizadas en un plazo no mayor al 21 de mayo.<\/p>\n<p style=\"text-align: justify;\">De esta manera Yungay, inicia su camino a transformarse en la capital Provincial y con ello comienza el desarrollo territorial de las comunas que conforman la Provincia de Diguill\u00edn.<\/p>\n<p style=\"text-align: justify;\">[su_button url=\u00bbhttps:\/\/www.facebook.com\/media\/set\/?set=a.1071372032877835.1073742495.159561284058919&amp;type=1&#8243; target=\u00bbblank\u00bb size=\u00bb7&#8243; radius=\u00bbround\u00bb icon=\u00bbicon: camera-retro\u00bb]Fotograf\u00edas &#8211; Se Inicia Postulaci\u00f3n de Yungay para Capital de la Provincia de Diguill\u00edn[\/su_button]<\/p>\n","protected":false},"excerpt":{"rendered":"<p>Yungay, domingo 10 de mayo 2015: En la Sede de Rotary Club Yungay el pasado s\u00e1bado 02 de mayo 2015 a las 17 horas, Mauricio Hern\u00e1ndez Stuardo, Presidente del Partido Radical de Yungay convoco&#46;&#46;&#46;<\/p>\n","protected":false},"author":2,"featured_media":12994,"comment_status":"open","ping_status":"open","sticky":false,"template":"","format":"standard","meta":{"footnotes":""},"categories":[3,1],"tags":[1115,1075,8,6],"class_list":["post-12992","post","type-post","status-publish","format-standard","has-post-thumbnail","hentry","category-actualidad","category-noticias","tag-noticias","tag-nuble-region","tag-yungay","tag-yungayino"],"_links":{"self":[{"href":"https:\/\/www.yungayino.cl\/noticias\/index.php?rest_route=\/wp\/v2\/posts\/12992","targetHints":{"allow":["GET"]}}],"collection":[{"href":"https:\/\/www.yungayino.cl\/noticias\/index.php?rest_route=\/wp\/v2\/posts"}],"about":[{"href":"https:\/\/www.yungayino.cl\/noticias\/index.php?rest_route=\/wp\/v2\/types\/post"}],"author":[{"embeddable":true,"href":"https:\/\/www.yungayino.cl\/noticias\/index.php?rest_route=\/wp\/v2\/users\/2"}],"replies":[{"embeddable":true,"href":"https:\/\/www.yungayino.cl\/noticias\/index.php?rest_route=%2Fwp%2Fv2%2Fcomments&post=12992"}],"version-history":[{"count":3,"href":"https:\/\/www.yungayino.cl\/noticias\/index.php?rest_route=\/wp\/v2\/posts\/12992\/revisions"}],"predecessor-version":[{"id":13001,"href":"https:\/\/www.yungayino.cl\/noticias\/index.php?rest_route=\/wp\/v2\/posts\/12992\/revisions\/13001"}],"wp:featuredmedia":[{"embeddable":true,"href":"https:\/\/www.yungayino.cl\/noticias\/index.php?rest_route=\/wp\/v2\/media\/12994"}],"wp:attachment":[{"href":"https:\/\/www.yungayino.cl\/noticias\/index.php?rest_route=%2Fwp%2Fv2%2Fmedia&parent=12992"}],"wp:term":[{"taxonomy":"category","embeddable":true,"href":"https:\/\/www.yungayino.cl\/noticias\/index.php?rest_route=%2Fwp%2Fv2%2Fcategories&post=12992"},{"taxonomy":"post_tag","embeddable":true,"href":"https:\/\/www.yungayino.cl\/noticias\/index.php?rest_route=%2Fwp%2Fv2%2Ftags&post=12992"}],"curies":[{"name":"wp","href":"https:\/\/api.w.org\/{rel}","templated":true}]}}