{"id":12997,"date":"2015-05-10T21:00:27","date_gmt":"2015-05-11T00:00:27","guid":{"rendered":"http:\/\/www.yungayino.cl\/noticias\/?p=12997"},"modified":"2015-05-10T21:30:47","modified_gmt":"2015-05-11T00:30:47","slug":"con-gran-show-yungay-celebro-el-dia-de-la-madre","status":"publish","type":"post","link":"https:\/\/www.yungayino.cl\/noticias\/?p=12997","title":{"rendered":"Con Gran Show Yungay Celebr\u00f3 el \u201cD\u00eda de la Madre\u201d"},"content":{"rendered":"<p style=\"text-align: justify;\">Yungay, mayo 2015 : Con la presencia de m\u00e1s de un centenar de madres, el municipio yungayino celebr\u00f3 con un gran show art\u00edstico a las mam\u00e1s, quienes haciendo un alto en sus m\u00faltiples labores diarias, se dieron cita en el Gimnasio Multiuso de la comuna para celebrar como se lo merecen en el \u201cD\u00eda de la Madre\u201d.<br \/>\nLas mam\u00e1s que fueron trasladadas de diversos sectores rurales y urbanos de la comuna, tuvieron la oportunidad de disfrutar de un gran show de primer nivel, donde la animaci\u00f3n estuvo a cargo de Carlos Ulloa, qui\u00e9n presento al cantante temucano Andr\u00e9s Fern\u00e1ndez Afer, quien con sus canciones hizo recordar y cantar a todas las mam\u00e1s que se encontraban presentes.<\/p>\n<p style=\"text-align: justify;\">Destacar que todas las madres\u00a0fueron recibidas por lo funcionarios municipales del Departamento de Dideco liderada por su Directora, Marcia Ortiz, quienes les hicieron entrega de un regalo a cada uno de ellas.<\/p>\n<p style=\"text-align: justify;\">Finalmente el show t\u00e9rmino con la presentaci\u00f3n del Grupo Mega Ritmo, quienes hicieron bailar a todas las madres asistentes al gimnasio, el cu\u00e1l estaba decorado especialmente para la ocasi\u00f3n.<\/p>\n<p>[su_button url=\u00bbhttps:\/\/www.facebook.com\/media\/set\/?set=a.1071361239545581.1073742494.159561284058919&amp;type=1&#8243; target=\u00bbblank\u00bb size=\u00bb7&#8243; radius=\u00bbround\u00bb icon=\u00bbicon: camera-retro\u00bb]Fotograf\u00edas &#8211; Con Gran Show Yungay Celebr\u00f3 el \u201cD\u00eda de la Madre\u201d [\/su_button]<\/p>\n<p>&nbsp;<\/p>\n","protected":false},"excerpt":{"rendered":"<p>Yungay, mayo 2015 : Con la presencia de m\u00e1s de un centenar de madres, el municipio yungayino celebr\u00f3 con un gran show art\u00edstico a las mam\u00e1s, quienes haciendo un alto en sus m\u00faltiples labores&#46;&#46;&#46;<\/p>\n","protected":false},"author":2,"featured_media":12993,"comment_status":"open","ping_status":"open","sticky":false,"template":"","format":"standard","meta":{"footnotes":""},"categories":[5,1],"tags":[671,1115,8,6],"class_list":["post-12997","post","type-post","status-publish","format-standard","has-post-thumbnail","hentry","category-eventos","category-noticias","tag-dia-de-la-madre","tag-noticias","tag-yungay","tag-yungayino"],"_links":{"self":[{"href":"https:\/\/www.yungayino.cl\/noticias\/index.php?rest_route=\/wp\/v2\/posts\/12997","targetHints":{"allow":["GET"]}}],"collection":[{"href":"https:\/\/www.yungayino.cl\/noticias\/index.php?rest_route=\/wp\/v2\/posts"}],"about":[{"href":"https:\/\/www.yungayino.cl\/noticias\/index.php?rest_route=\/wp\/v2\/types\/post"}],"author":[{"embeddable":true,"href":"https:\/\/www.yungayino.cl\/noticias\/index.php?rest_route=\/wp\/v2\/users\/2"}],"replies":[{"embeddable":true,"href":"https:\/\/www.yungayino.cl\/noticias\/index.php?rest_route=%2Fwp%2Fv2%2Fcomments&post=12997"}],"version-history":[{"count":3,"href":"https:\/\/www.yungayino.cl\/noticias\/index.php?rest_route=\/wp\/v2\/posts\/12997\/revisions"}],"predecessor-version":[{"id":13000,"href":"https:\/\/www.yungayino.cl\/noticias\/index.php?rest_route=\/wp\/v2\/posts\/12997\/revisions\/13000"}],"wp:featuredmedia":[{"embeddable":true,"href":"https:\/\/www.yungayino.cl\/noticias\/index.php?rest_route=\/wp\/v2\/media\/12993"}],"wp:attachment":[{"href":"https:\/\/www.yungayino.cl\/noticias\/index.php?rest_route=%2Fwp%2Fv2%2Fmedia&parent=12997"}],"wp:term":[{"taxonomy":"category","embeddable":true,"href":"https:\/\/www.yungayino.cl\/noticias\/index.php?rest_route=%2Fwp%2Fv2%2Fcategories&post=12997"},{"taxonomy":"post_tag","embeddable":true,"href":"https:\/\/www.yungayino.cl\/noticias\/index.php?rest_route=%2Fwp%2Fv2%2Ftags&post=12997"}],"curies":[{"name":"wp","href":"https:\/\/api.w.org\/{rel}","templated":true}]}}