{"id":13002,"date":"2015-05-12T20:00:55","date_gmt":"2015-05-12T23:00:55","guid":{"rendered":"http:\/\/www.yungayino.cl\/noticias\/?p=13002"},"modified":"2015-05-12T22:24:11","modified_gmt":"2015-05-13T01:24:11","slug":"futuras-madres-del-programa-chile-crece-contigo-de-yungay-y-campanario-celebraron-el-dia-de-la-madre","status":"publish","type":"post","link":"https:\/\/www.yungayino.cl\/noticias\/?p=13002","title":{"rendered":"Futuras Madres del Programa \u201cChile Crece Contigo\u201d de Yungay y Campanario Celebraron el D\u00eda de la Madre"},"content":{"rendered":"<p style=\"text-align: justify;\">Yungay, Lunes 11 de mayo 2015: El Departamento Social y de Salud Municipal representados en esta ocasi\u00f3n por Marcia Ortiz y Miguel Badilla, en conjunto con el Hospital Comunitario de Salud Familiar Pedro Morales Campos encabezados por su Director Osvaldo Acevedo Gutierrez, celebraron el pasado jueves 07 de mayo el D\u00eda de las Madres, con las futuras mamitas pertenecientes al programa \u201cChile Crece Contigo\u201d.<\/p>\n<p style=\"text-align: justify;\">Indicar que \u201cChile Crece Contigo\u201d\u00a0es un Sistema de Protecci\u00f3n Integral a la Infancia que tiene como misi\u00f3n\u00a0acompa\u00f1ar,\u00a0proteger\u00a0y\u00a0apoyar\u00a0integralmente, a todos los ni\u00f1os, ni\u00f1as y sus familias, a trav\u00e9s de acciones y servicios de car\u00e1cter universal, as\u00ed como focalizando apoyos especiales a aquellos que presentan alguna vulnerabilidad mayor. Tambi\u00e9n forma parte del\u00a0Sistema Intersectorial de Protecci\u00f3n Social y est\u00e1 en l\u00ednea con los compromisos asumidos por el Estado de Chile.<\/p>\n<p style=\"text-align: justify;\">Finalmente la Doctora Damaris Riquelme se\u00f1alo al Equipo del Portal Yungayino.cl, que esta actividad se viene realizando desde el a\u00f1o 2007 en nuestra comuna, donde las futuras mamitas compartieron un grato momento recibiendo charlas y folletos informativos, adem\u00e1s de entregarles algunos obsequios y compartir un coctel.<\/p>\n<p style=\"text-align: justify;\">[su_button url=\u00bbhttps:\/\/www.facebook.com\/media\/set\/?set=a.1072255746122797.1073742496.159561284058919&amp;type=1&#8243; target=\u00bbblank\u00bb size=\u00bb7&#8243; radius=\u00bbround\u00bb icon=\u00bbicon: camera-retro\u00bb]Fotograf\u00edas &#8211; Futuras Madres del Programa \u201cChile Crece Contigo\u201d de Yungay y Campanario Celebraron el D\u00eda de la Madre[\/su_button]<\/p>\n","protected":false},"excerpt":{"rendered":"<p>Yungay, Lunes 11 de mayo 2015: El Departamento Social y de Salud Municipal representados en esta ocasi\u00f3n por Marcia Ortiz y Miguel Badilla, en conjunto con el Hospital Comunitario de Salud Familiar Pedro Morales&#46;&#46;&#46;<\/p>\n","protected":false},"author":2,"featured_media":13004,"comment_status":"open","ping_status":"open","sticky":false,"template":"","format":"standard","meta":{"footnotes":""},"categories":[1],"tags":[489,1115,8,6],"class_list":["post-13002","post","type-post","status-publish","format-standard","has-post-thumbnail","hentry","category-noticias","tag-chile-crece-contigo","tag-noticias","tag-yungay","tag-yungayino"],"_links":{"self":[{"href":"https:\/\/www.yungayino.cl\/noticias\/index.php?rest_route=\/wp\/v2\/posts\/13002","targetHints":{"allow":["GET"]}}],"collection":[{"href":"https:\/\/www.yungayino.cl\/noticias\/index.php?rest_route=\/wp\/v2\/posts"}],"about":[{"href":"https:\/\/www.yungayino.cl\/noticias\/index.php?rest_route=\/wp\/v2\/types\/post"}],"author":[{"embeddable":true,"href":"https:\/\/www.yungayino.cl\/noticias\/index.php?rest_route=\/wp\/v2\/users\/2"}],"replies":[{"embeddable":true,"href":"https:\/\/www.yungayino.cl\/noticias\/index.php?rest_route=%2Fwp%2Fv2%2Fcomments&post=13002"}],"version-history":[{"count":3,"href":"https:\/\/www.yungayino.cl\/noticias\/index.php?rest_route=\/wp\/v2\/posts\/13002\/revisions"}],"predecessor-version":[{"id":13007,"href":"https:\/\/www.yungayino.cl\/noticias\/index.php?rest_route=\/wp\/v2\/posts\/13002\/revisions\/13007"}],"wp:featuredmedia":[{"embeddable":true,"href":"https:\/\/www.yungayino.cl\/noticias\/index.php?rest_route=\/wp\/v2\/media\/13004"}],"wp:attachment":[{"href":"https:\/\/www.yungayino.cl\/noticias\/index.php?rest_route=%2Fwp%2Fv2%2Fmedia&parent=13002"}],"wp:term":[{"taxonomy":"category","embeddable":true,"href":"https:\/\/www.yungayino.cl\/noticias\/index.php?rest_route=%2Fwp%2Fv2%2Fcategories&post=13002"},{"taxonomy":"post_tag","embeddable":true,"href":"https:\/\/www.yungayino.cl\/noticias\/index.php?rest_route=%2Fwp%2Fv2%2Ftags&post=13002"}],"curies":[{"name":"wp","href":"https:\/\/api.w.org\/{rel}","templated":true}]}}