{"id":13026,"date":"2015-05-19T17:00:58","date_gmt":"2015-05-19T20:00:58","guid":{"rendered":"http:\/\/www.yungayino.cl\/noticias\/?p=13026"},"modified":"2015-05-19T19:04:08","modified_gmt":"2015-05-19T22:04:08","slug":"60-alumnos-y-profesores-de-escuelas-rurales-de-yungay-participan-en-circuito-cultural","status":"publish","type":"post","link":"https:\/\/www.yungayino.cl\/noticias\/?p=13026","title":{"rendered":"60 Alumnos y Profesores de Escuelas Rurales de Yungay Participan en \u201cCircuito Cultural\u201d"},"content":{"rendered":"<p style=\"text-align: justify;\">Yungay, martes 19 de mayo 2015: En el auditorio de la Biblioteca P\u00fablica N\u00b0 64 \u201cOreste Montero\u201d de Yungay, se dieron cita alrededor de 60 alumnos y profesores de las Escuelas Rurales de la comuna el pasado jueves 14 de mayo, los cuales participaron en una serie de actividades programadas para este d\u00eda, por el Departamento de Administraci\u00f3n Comunal de Educaci\u00f3n y \u00c1rea de Extraescolar, como parte de la celebraci\u00f3n de la <strong>\u201cSemana de la Educaci\u00f3n Art\u00edstica\u201d<\/strong>.<\/p>\n<p style=\"text-align: justify;\">Las actividades programadas recibieron el nombre \u201c<strong>Circuito Cultural\u201d<\/strong> para lo cual se program\u00f3; en primer lugar la presentaci\u00f3n de una obra de la compa\u00f1\u00eda de teatro de T\u00edteres el Vagabundo de Chill\u00e1n con la Obra \u201cLa Fantasma de Canterverri\u201d, posteriormente pasaron a la cafeter\u00eda de la biblioteca donde compartieron un refrigerio, adem\u00e1s recibieron el saludo de la Jefa Daem, Eugenia L\u00f3pez, por su participaci\u00f3n en esta actividad, as\u00ed como tambi\u00e9n fue la celebraci\u00f3n del <strong>\u201cD\u00eda del Estudiante\u201d.<\/strong><\/p>\n<p style=\"text-align: justify;\">Una vez terminado el refrigero pasaron al sal\u00f3n exposiciones donde se exhib\u00edan obras del art\u00edstica yungayino \u201cHernando Le\u00f3n, seguidamente fueron invitados a conocer la sala de dep\u00f3sito de libros de la biblioteca para terminar la actividad en sala de prensa o lectura lugar en el cual la biblioteca les invito a participar en un cuentacuento.<\/p>\n<p style=\"text-align: justify;\">[su_button url=\u00bbhttps:\/\/www.facebook.com\/media\/set\/?set=a.1075723095776062.1073742501.159561284058919&amp;type=1&#8243; target=\u00bbblank\u00bb size=\u00bb7&#8243; radius=\u00bbround\u00bb icon=\u00bbicon: camera-retro\u00bb]Fotograf\u00edas Gentileza de Erwin Aviles[\/su_button]<\/p>\n","protected":false},"excerpt":{"rendered":"<p>Yungay, martes 19 de mayo 2015: En el auditorio de la Biblioteca P\u00fablica N\u00b0 64 \u201cOreste Montero\u201d de Yungay, se dieron cita alrededor de 60 alumnos y profesores de las Escuelas Rurales de la&#46;&#46;&#46;<\/p>\n","protected":false},"author":2,"featured_media":13027,"comment_status":"open","ping_status":"open","sticky":false,"template":"","format":"standard","meta":{"footnotes":""},"categories":[1],"tags":[583,355,1115,8,6],"class_list":["post-13026","post","type-post","status-publish","format-standard","has-post-thumbnail","hentry","category-noticias","tag-biblioteca","tag-daem","tag-noticias","tag-yungay","tag-yungayino"],"_links":{"self":[{"href":"https:\/\/www.yungayino.cl\/noticias\/index.php?rest_route=\/wp\/v2\/posts\/13026","targetHints":{"allow":["GET"]}}],"collection":[{"href":"https:\/\/www.yungayino.cl\/noticias\/index.php?rest_route=\/wp\/v2\/posts"}],"about":[{"href":"https:\/\/www.yungayino.cl\/noticias\/index.php?rest_route=\/wp\/v2\/types\/post"}],"author":[{"embeddable":true,"href":"https:\/\/www.yungayino.cl\/noticias\/index.php?rest_route=\/wp\/v2\/users\/2"}],"replies":[{"embeddable":true,"href":"https:\/\/www.yungayino.cl\/noticias\/index.php?rest_route=%2Fwp%2Fv2%2Fcomments&post=13026"}],"version-history":[{"count":2,"href":"https:\/\/www.yungayino.cl\/noticias\/index.php?rest_route=\/wp\/v2\/posts\/13026\/revisions"}],"predecessor-version":[{"id":13029,"href":"https:\/\/www.yungayino.cl\/noticias\/index.php?rest_route=\/wp\/v2\/posts\/13026\/revisions\/13029"}],"wp:featuredmedia":[{"embeddable":true,"href":"https:\/\/www.yungayino.cl\/noticias\/index.php?rest_route=\/wp\/v2\/media\/13027"}],"wp:attachment":[{"href":"https:\/\/www.yungayino.cl\/noticias\/index.php?rest_route=%2Fwp%2Fv2%2Fmedia&parent=13026"}],"wp:term":[{"taxonomy":"category","embeddable":true,"href":"https:\/\/www.yungayino.cl\/noticias\/index.php?rest_route=%2Fwp%2Fv2%2Fcategories&post=13026"},{"taxonomy":"post_tag","embeddable":true,"href":"https:\/\/www.yungayino.cl\/noticias\/index.php?rest_route=%2Fwp%2Fv2%2Ftags&post=13026"}],"curies":[{"name":"wp","href":"https:\/\/api.w.org\/{rel}","templated":true}]}}