{"id":13030,"date":"2015-05-20T18:00:52","date_gmt":"2015-05-20T21:00:52","guid":{"rendered":"http:\/\/www.yungayino.cl\/noticias\/?p=13030"},"modified":"2015-05-20T20:50:38","modified_gmt":"2015-05-20T23:50:38","slug":"carabineros-de-la-cuarta-comisaria-de-yungay-se-reunio-con-administradores-del-comercio-yungayino","status":"publish","type":"post","link":"https:\/\/www.yungayino.cl\/noticias\/?p=13030","title":{"rendered":"Carabineros de la Cuarta Comisar\u00eda de Yungay se Reuni\u00f3 con Administradores del Comercio Yungayino"},"content":{"rendered":"<p style=\"text-align: justify;\">Yungay, mi\u00e9rcoles 20 de mayo de 2015: En las dependencias de la Cuarta Comisar\u00eda de Yungay se llevo a cabo una importante reuni\u00f3n informativa que convoc\u00f3 a los encargados, due\u00f1os y administradores de locales comerciales de nuestra comuna con el objetivo de informar las estad\u00edsticas delictuales que han afectado al comercio de nuestra comuna y tambi\u00e9n analizar como mejorar las medidas de seguridad en dichos locales, tanto dentro como fuera de ellos, ya se est\u00e1n instalando c\u00e1maras de tele vigilancias.<\/p>\n<p style=\"text-align: justify;\">En la ocasi\u00f3n tambi\u00e9n un funcionario de la Empresa Prosegur realiz\u00f3 una charla con el objetivo de informar sobre las medidas de seguridad que deben tomar los comerciantes para el manejo, deposito y retiro de grandes cantidades de dinero y sobre todo los fines de semanas.<\/p>\n<p style=\"text-align: justify;\">El Mayor Darwin Illanes se\u00f1alo al Equipo del Portal Yungayino.cl su satisfacci\u00f3n por la buena concurrencia de los comerciantes, tambi\u00e9n destac\u00f3 la buena comunicaci\u00f3n que debe existir entre carabineros y los comerciantes para evitar delitos, ya est\u00e1n trabajando unidos comunic\u00e1ndose a trav\u00e9s de la red social de WhatsApp y que en el futuro espera conformar la C\u00e1mara de Comercio y Turismo en nuestra comuna.<\/p>\n<p style=\"text-align: justify;\">Finalmente el Mayor tambi\u00e9n se\u00f1al\u00f3 que ya est\u00e1n trabajando unidos con el Municipio con quienes esperan en la primera semana de junio lanzar la Campa\u00f1a <strong>\u201cLocal Comercial Seguro\u201d.<\/strong><\/p>\n<p style=\"text-align: justify;\"><strong>\u00a0\u00a0\u00a0\u00a0\u00a0\u00a0\u00a0\u00a0\u00a0\u00a0\u00a0\u00a0\u00a0\u00a0\u00a0\u00a0\u00a0\u00a0\u00a0\u00a0\u00a0\u00a0\u00a0\u00a0\u00a0\u00a0\u00a0\u00a0\u00a0\u00a0\u00a0\u00a0\u00a0\u00a0\u00a0\u00a0\u00a0\u00a0\u00a0\u00a0\u00a0\u00a0\u00a0\u00a0\u00a0\u00a0\u00a0\u00a0\u00a0\u00a0\u00a0\u00a0\u00a0\u00a0\u00a0\u00a0\u00a0\u00a0\u00a0\u00a0\u00a0\u00a0\u00a0\u00a0\u00a0\u00a0\u00a0\u00a0\u00a0\u00a0\u00a0\u00a0\u00a0\u00a0\u00a0\u00a0\u00a0\u00a0\u00a0\u00a0\u00a0\u00a0\u00a0\u00a0\u00a0\u00a0\u00a0\u00a0\u00a0\u00a0\u00a0\u00a0\u00a0\u00a0\u00a0\u00a0\u00a0 <\/strong><\/p>\n<p style=\"text-align: justify;\">[su_button url=\u00bbhttps:\/\/www.facebook.com\/media\/set\/?set=a.1076128642402174.1073742502.159561284058919&amp;type=1&#8243; target=\u00bbblank\u00bb size=\u00bb7&#8243; radius=\u00bbround\u00bb icon=\u00bbicon: camera-retro\u00bb]Fotograf\u00edas &#8211; Carabineros de la Cuarta Comisar\u00eda de Yungay se Reuni\u00f3 con Administradores del Comercio Yungayino[\/su_button]<\/p>\n","protected":false},"excerpt":{"rendered":"<p>Yungay, mi\u00e9rcoles 20 de mayo de 2015: En las dependencias de la Cuarta Comisar\u00eda de Yungay se llevo a cabo una importante reuni\u00f3n informativa que convoc\u00f3 a los encargados, due\u00f1os y administradores de locales&#46;&#46;&#46;<\/p>\n","protected":false},"author":2,"featured_media":13032,"comment_status":"open","ping_status":"open","sticky":false,"template":"","format":"standard","meta":{"footnotes":""},"categories":[3,1],"tags":[1078,1115,8,6],"class_list":["post-13030","post","type-post","status-publish","format-standard","has-post-thumbnail","hentry","category-actualidad","category-noticias","tag-local-comercial-seguro","tag-noticias","tag-yungay","tag-yungayino"],"_links":{"self":[{"href":"https:\/\/www.yungayino.cl\/noticias\/index.php?rest_route=\/wp\/v2\/posts\/13030","targetHints":{"allow":["GET"]}}],"collection":[{"href":"https:\/\/www.yungayino.cl\/noticias\/index.php?rest_route=\/wp\/v2\/posts"}],"about":[{"href":"https:\/\/www.yungayino.cl\/noticias\/index.php?rest_route=\/wp\/v2\/types\/post"}],"author":[{"embeddable":true,"href":"https:\/\/www.yungayino.cl\/noticias\/index.php?rest_route=\/wp\/v2\/users\/2"}],"replies":[{"embeddable":true,"href":"https:\/\/www.yungayino.cl\/noticias\/index.php?rest_route=%2Fwp%2Fv2%2Fcomments&post=13030"}],"version-history":[{"count":1,"href":"https:\/\/www.yungayino.cl\/noticias\/index.php?rest_route=\/wp\/v2\/posts\/13030\/revisions"}],"predecessor-version":[{"id":13033,"href":"https:\/\/www.yungayino.cl\/noticias\/index.php?rest_route=\/wp\/v2\/posts\/13030\/revisions\/13033"}],"wp:featuredmedia":[{"embeddable":true,"href":"https:\/\/www.yungayino.cl\/noticias\/index.php?rest_route=\/wp\/v2\/media\/13032"}],"wp:attachment":[{"href":"https:\/\/www.yungayino.cl\/noticias\/index.php?rest_route=%2Fwp%2Fv2%2Fmedia&parent=13030"}],"wp:term":[{"taxonomy":"category","embeddable":true,"href":"https:\/\/www.yungayino.cl\/noticias\/index.php?rest_route=%2Fwp%2Fv2%2Fcategories&post=13030"},{"taxonomy":"post_tag","embeddable":true,"href":"https:\/\/www.yungayino.cl\/noticias\/index.php?rest_route=%2Fwp%2Fv2%2Ftags&post=13030"}],"curies":[{"name":"wp","href":"https:\/\/api.w.org\/{rel}","templated":true}]}}