{"id":13034,"date":"2015-05-20T20:00:05","date_gmt":"2015-05-20T23:00:05","guid":{"rendered":"http:\/\/www.yungayino.cl\/noticias\/?p=13034"},"modified":"2015-05-22T14:52:15","modified_gmt":"2015-05-22T17:52:15","slug":"liceo-a-17-de-yungay-rindio-homenaje-en-dia-de-las-glorias-navales","status":"publish","type":"post","link":"https:\/\/www.yungayino.cl\/noticias\/?p=13034","title":{"rendered":"Liceo A-17 de Yungay Rindi\u00f3 Homenaje en \u201cD\u00eda de las Glorias Navales\u201d"},"content":{"rendered":"<p style=\"text-align: justify;\">Yungay, 20 de mayo 2015: En las dependencias del Gimnasio Multiuso se realiz\u00f3 un acto para rendir homenaje a las Glorias Navales, efem\u00e9ride Chilena que conmemora el Combate Naval de Iquique, ocurrido el 21 de mayo de 1879, donde muri\u00f3 el capit\u00e1n de fragata Arturo Prat Chac\u00f3n, junto a toda la plana mayor de la corbeta Esmeralda, la cual fue hundida en combate por el monitor peruano Hu\u00e1scar.<\/p>\n<p style=\"text-align: justify;\">El acto estuvo a cargo de la Comunidad Escolar del Liceo A -17 de Yungay, la cu\u00e1l fue liderada por su Director, Sergio Villalobos adem\u00e1s del alcalde Pedro Inostroza, la Jefa del Departamento de Educaci\u00f3n, Eugenia L\u00f3pez, la Concejala Ang\u00e9lica Cabezas, el Teniente de la Armada, Alvaro Paris, Directores de los Diferentes Establecimientos Educacionales de nuestra comuna e invitados especiales.<\/p>\n<p style=\"text-align: justify;\">El acto se inicio con la interpretaci\u00f3n del Himno Nacional, para luego escuchar una rese\u00f1a hist\u00f3rica y continuar con la participaci\u00f3n del Grupo Folcl\u00f3rico del Liceo. Tambi\u00e9n en la ocasi\u00f3n el Teniente de la Armada, Segundo Paris realizo una alusi\u00f3n hist\u00f3rica de la haza\u00f1a realizada por el Capit\u00e1n Arturo Prat e hizo un llamado a los j\u00f3venes de nuestra comuna a valorar la figura del Capit\u00e1n Prat.<\/p>\n<p style=\"text-align: justify;\">El Teniente de la Armada Alvaro Paris, manifest\u00f3 al Equipo del Portal Yungayino.cl sus agradecimientos por la invitaci\u00f3n se\u00f1alando que es primera vez que visitan Yungay y se\u00f1alo que es un honor para el y su delegaci\u00f3n de haber participado en el acto de conmemoraci\u00f3n a las Glorias Navales.<\/p>\n<p style=\"text-align: justify;\">Sergio Villalobos, Director del Liceo, manifest\u00f3 que para el Liceo fue una responsabilidad realizar este acto en donde se resalt\u00f3 los valores y principios que representa la figura del Capit\u00e1n Arturo Prat y la Armada de Chile, tambi\u00e9n agradeci\u00f3 el apoyo de las autoridades comunales para ejecutar este acto.<\/p>\n<p>Finalmente las autoridades presentes se trasladaron a depositar a los pies del busto del Capit\u00e1n Arturo Prat una ofrenda floral.<\/p>\n<p><strong>[su_button url=\u00bbhttps:\/\/www.facebook.com\/media\/set\/?set=a.1076133955734976.1073742503.159561284058919&amp;type=1&#8243; target=\u00bbblank\u00bb size=\u00bb7&#8243; radius=\u00bbround\u00bb icon=\u00bbicon: camera-retro\u00bb]Fotograf\u00edas &#8211; Liceo A-17 de Yungay Rindi\u00f3 Homenaje en \u201cD\u00eda de las Glorias Navales\u201d[\/su_button]<\/strong><\/p>\n","protected":false},"excerpt":{"rendered":"<p>Yungay, 20 de mayo 2015: En las dependencias del Gimnasio Multiuso se realiz\u00f3 un acto para rendir homenaje a las Glorias Navales, efem\u00e9ride Chilena que conmemora el Combate Naval de Iquique, ocurrido el 21&#46;&#46;&#46;<\/p>\n","protected":false},"author":2,"featured_media":13031,"comment_status":"open","ping_status":"open","sticky":false,"template":"","format":"standard","meta":{"footnotes":""},"categories":[5,1],"tags":[900,1115,8,6],"class_list":["post-13034","post","type-post","status-publish","format-standard","has-post-thumbnail","hentry","category-eventos","category-noticias","tag-21-de-mayo","tag-noticias","tag-yungay","tag-yungayino"],"_links":{"self":[{"href":"https:\/\/www.yungayino.cl\/noticias\/index.php?rest_route=\/wp\/v2\/posts\/13034","targetHints":{"allow":["GET"]}}],"collection":[{"href":"https:\/\/www.yungayino.cl\/noticias\/index.php?rest_route=\/wp\/v2\/posts"}],"about":[{"href":"https:\/\/www.yungayino.cl\/noticias\/index.php?rest_route=\/wp\/v2\/types\/post"}],"author":[{"embeddable":true,"href":"https:\/\/www.yungayino.cl\/noticias\/index.php?rest_route=\/wp\/v2\/users\/2"}],"replies":[{"embeddable":true,"href":"https:\/\/www.yungayino.cl\/noticias\/index.php?rest_route=%2Fwp%2Fv2%2Fcomments&post=13034"}],"version-history":[{"count":3,"href":"https:\/\/www.yungayino.cl\/noticias\/index.php?rest_route=\/wp\/v2\/posts\/13034\/revisions"}],"predecessor-version":[{"id":13037,"href":"https:\/\/www.yungayino.cl\/noticias\/index.php?rest_route=\/wp\/v2\/posts\/13034\/revisions\/13037"}],"wp:featuredmedia":[{"embeddable":true,"href":"https:\/\/www.yungayino.cl\/noticias\/index.php?rest_route=\/wp\/v2\/media\/13031"}],"wp:attachment":[{"href":"https:\/\/www.yungayino.cl\/noticias\/index.php?rest_route=%2Fwp%2Fv2%2Fmedia&parent=13034"}],"wp:term":[{"taxonomy":"category","embeddable":true,"href":"https:\/\/www.yungayino.cl\/noticias\/index.php?rest_route=%2Fwp%2Fv2%2Fcategories&post=13034"},{"taxonomy":"post_tag","embeddable":true,"href":"https:\/\/www.yungayino.cl\/noticias\/index.php?rest_route=%2Fwp%2Fv2%2Ftags&post=13034"}],"curies":[{"name":"wp","href":"https:\/\/api.w.org\/{rel}","templated":true}]}}