{"id":13065,"date":"2015-05-31T23:53:30","date_gmt":"2015-06-01T02:53:30","guid":{"rendered":"http:\/\/www.yungayino.cl\/noticias\/?p=13065"},"modified":"2015-05-31T23:55:20","modified_gmt":"2015-06-01T02:55:20","slug":"yungay-celebro-el-dia-del-patrimonio-cultural","status":"publish","type":"post","link":"https:\/\/www.yungayino.cl\/noticias\/?p=13065","title":{"rendered":"Yungay Celebr\u00f3 el \u201cD\u00eda del Patrimonio Cultural\u201d"},"content":{"rendered":"<p style=\"text-align: justify;\">Yungay, domingo 31 mayo 2015: Por tercer a\u00f1o consecutivo en nuestra comuna se celebr\u00f3 el <strong>\u201cD\u00eda del Patrimonio Cultural\u201d,<\/strong> una instancia ciudadana de celebraci\u00f3n y reflexi\u00f3n en torno a las diferentes dimensiones de nuestra herencia cultural que fue instaurado a trav\u00e9s del Decreto N\u00b0 252 del a\u00f1o 2000, que establece que cada \u00faltimo d\u00eda domingo del mes de mayo se honra al patrimonio, con el objetivo realizar una jornada festiva y de reflexi\u00f3n sobre los valores, el rol y el significado de nuestra herencia cultural.<\/p>\n<p style=\"text-align: justify;\">Es por eso que en el marco de esta importante celebraci\u00f3n la Biblioteca P\u00fablica Oreste Montero con el patrocinio de la Ilustre Municipalidad a trav\u00e9s de su Oficina de Turismo y Cultura realizaron diferentes actividades donde chicos y grandes disfrutaron de ellas.<\/p>\n<p style=\"text-align: justify;\">Las actividades que contemplaron la participaci\u00f3n de baile y m\u00fasica de \u201cChinchineros\u201d en la Plaza Iquique y calles de nuestra comuna y donde interactuaron con el p\u00fablico presente, luego las actividades continuaron en la biblioteca, donde el p\u00fablico fue recibido por \u201cDon Leo\u201d, qui\u00e9n los invit\u00f3 a disfrutar del Teatro de Marionetas, la Obra de Teatro \u201cEl Mago de Oz\u201d, Cuentacuentos en Kamishibai y al Pel\u00edcula \u201cMal\u00e9fica\u201d.<\/p>\n<p style=\"text-align: justify;\">El alcalde Pedro Inostroza se\u00f1alo al Equipo del Portal Yungayino.cl, que este es el tercer a\u00f1o consecutivo que se realizan estas actividades para celebrar el D\u00eda del Patrimonio Cultural en Yungay, d\u00f3nde grandes y chicos disfrutaron de las diferentes actividades preparadas para este d\u00eda, tambi\u00e9n reconoci\u00f3 que esta actividad se realiza con fondos de apoyo de la cultura gracias al convenio firmado entre el municipio y el Banco del Estado, por lo tanto agradeci\u00f3 a la entidad bancaria por el apoyo en esta y otras actividades culturales.<\/p>\n<p style=\"text-align: justify;\">Por su parte Patricia, qui\u00e9n bailo el baile nacional en compa\u00f1\u00eda de los Chinchineros, se\u00f1alo como muy interesante este tipo de celebraci\u00f3n que se realice en nuestra comuna y reiter\u00f3 el llamado a las autoridades a seguir realizando estos eventos, ya que sirve para acoger a los turistas que visitan nuestra comuna y puedan apreciar lo hermosa que est\u00e1 nuestra Plaza y alrededores de nuestra comuna.<\/p>\n<p style=\"text-align: justify;\">[su_button url=\u00bbhttps:\/\/www.facebook.com\/media\/set\/?set=a.1082315598450145.1073742508.159561284058919&amp;type=1&#8243; target=\u00bbblank\u00bb size=\u00bb7&#8243; radius=\u00bbround\u00bb icon=\u00bbicon: camera-retro\u00bb]Fotograf\u00edas &#8211; Yungay, Celebr\u00f3 el \u201cD\u00eda del Patrimonio Cultural\u201d[\/su_button]<\/p>\n","protected":false},"excerpt":{"rendered":"<p>Yungay, domingo 31 mayo 2015: Por tercer a\u00f1o consecutivo en nuestra comuna se celebr\u00f3 el \u201cD\u00eda del Patrimonio Cultural\u201d, una instancia ciudadana de celebraci\u00f3n y reflexi\u00f3n en torno a las diferentes dimensiones de nuestra&#46;&#46;&#46;<\/p>\n","protected":false},"author":2,"featured_media":13061,"comment_status":"open","ping_status":"open","sticky":false,"template":"","format":"standard","meta":{"footnotes":""},"categories":[1],"tags":[],"class_list":["post-13065","post","type-post","status-publish","format-standard","has-post-thumbnail","hentry","category-noticias"],"_links":{"self":[{"href":"https:\/\/www.yungayino.cl\/noticias\/index.php?rest_route=\/wp\/v2\/posts\/13065","targetHints":{"allow":["GET"]}}],"collection":[{"href":"https:\/\/www.yungayino.cl\/noticias\/index.php?rest_route=\/wp\/v2\/posts"}],"about":[{"href":"https:\/\/www.yungayino.cl\/noticias\/index.php?rest_route=\/wp\/v2\/types\/post"}],"author":[{"embeddable":true,"href":"https:\/\/www.yungayino.cl\/noticias\/index.php?rest_route=\/wp\/v2\/users\/2"}],"replies":[{"embeddable":true,"href":"https:\/\/www.yungayino.cl\/noticias\/index.php?rest_route=%2Fwp%2Fv2%2Fcomments&post=13065"}],"version-history":[{"count":3,"href":"https:\/\/www.yungayino.cl\/noticias\/index.php?rest_route=\/wp\/v2\/posts\/13065\/revisions"}],"predecessor-version":[{"id":13068,"href":"https:\/\/www.yungayino.cl\/noticias\/index.php?rest_route=\/wp\/v2\/posts\/13065\/revisions\/13068"}],"wp:featuredmedia":[{"embeddable":true,"href":"https:\/\/www.yungayino.cl\/noticias\/index.php?rest_route=\/wp\/v2\/media\/13061"}],"wp:attachment":[{"href":"https:\/\/www.yungayino.cl\/noticias\/index.php?rest_route=%2Fwp%2Fv2%2Fmedia&parent=13065"}],"wp:term":[{"taxonomy":"category","embeddable":true,"href":"https:\/\/www.yungayino.cl\/noticias\/index.php?rest_route=%2Fwp%2Fv2%2Fcategories&post=13065"},{"taxonomy":"post_tag","embeddable":true,"href":"https:\/\/www.yungayino.cl\/noticias\/index.php?rest_route=%2Fwp%2Fv2%2Ftags&post=13065"}],"curies":[{"name":"wp","href":"https:\/\/api.w.org\/{rel}","templated":true}]}}