{"id":13075,"date":"2015-06-07T16:00:30","date_gmt":"2015-06-07T19:00:30","guid":{"rendered":"http:\/\/www.yungayino.cl\/noticias\/?p=13075"},"modified":"2015-06-07T17:48:01","modified_gmt":"2015-06-07T20:48:01","slug":"union-comunal-de-juntas-de-vecinos-de-yungay-da-a-conocer-proyecto-de-implementacion-de-sillas","status":"publish","type":"post","link":"https:\/\/www.yungayino.cl\/noticias\/?p=13075","title":{"rendered":"Uni\u00f3n Comunal de Juntas de Vecinos de Yungay da a Conocer Proyecto de Implementaci\u00f3n de Sillas"},"content":{"rendered":"<p style=\"text-align: justify;\">Yungay, domingo 07 de junio 2015: Como ya es costumbre el primer viernes de cada mes se llevo a cabo la reuni\u00f3n mensual de la Uni\u00f3n Comunal de Juntas de Vecinos de Yungay, encabezada por su presidenta Sra. Ang\u00e9lica Mart\u00ednez, la cu\u00e1l se desarrollo en las dependencias del Sal\u00f3n de Carabineros de la Cuarta Comisar\u00eda.<\/p>\n<p style=\"text-align: justify;\">Destacar que lo m\u00e1s relevante de la reuni\u00f3n fue la gran noticia y presentaci\u00f3n de la adquisici\u00f3n de 30 modernas sillas a los socios de la Junta, el cu\u00e1l fue financiado con la adjudicaci\u00f3n de un Proyecto Social Presidente de la Rep\u00fablica.<\/p>\n<p style=\"text-align: justify;\">Ang\u00e9lica Mart\u00ednez, se\u00f1alo al Equipo del Portal Yungayino.cl su satisfacci\u00f3n por la adjudicaci\u00f3n de este fondo, al cu\u00e1l hab\u00edan postulado por un monto total de $509.700 y que les permiti\u00f3 realizar la compra de estas c\u00f3modas sillas, que sirven para ir mejorando las infraestructuras para los socios. Tambi\u00e9n destac\u00f3 el apoyo dado por el Mayor de Carabineros Darwin Illanes, qui\u00e9n siempre ha facilitado el Sal\u00f3n para poder realizar las reuniones y tambi\u00e9n ahora para poder guardar en un lugar seguro las sillas.<\/p>\n<p style=\"text-align: justify;\">Finalmente se\u00f1alar que en la ocasi\u00f3n tambi\u00e9n participaron de la reuni\u00f3n mensual el Suboficial de la Cuarta Comisar\u00eda de Yungay Juan Carlos Espinoza, Encargado de Asuntos Comunitarios, Eugenia San Mart\u00edn, en representaci\u00f3n del Departamento Secplan y el Director del Hospital de Yungay Osvaldo Acevedo Gutierrez.<\/p>\n<p style=\"text-align: justify;\">[su_button url=\u00bbhttps:\/\/www.facebook.com\/media\/set\/?set=a.1086425568039148.1073742510.159561284058919&amp;type=1&#8243; target=\u00bbblank\u00bb size=\u00bb7&#8243; radius=\u00bbround\u00bb icon=\u00bbicon: camera-retro\u00bb]Fotograf\u00edas &#8211; Uni\u00f3n Comunal de Juntas de Vecinos de Yungay da a Conocer Proyecto de Implementaci\u00f3n de Sillas[\/su_button]<\/p>\n","protected":false},"excerpt":{"rendered":"<p>Yungay, domingo 07 de junio 2015: Como ya es costumbre el primer viernes de cada mes se llevo a cabo la reuni\u00f3n mensual de la Uni\u00f3n Comunal de Juntas de Vecinos de Yungay, encabezada&#46;&#46;&#46;<\/p>\n","protected":false},"author":2,"featured_media":13076,"comment_status":"open","ping_status":"open","sticky":false,"template":"","format":"standard","meta":{"footnotes":""},"categories":[3,1],"tags":[25,1115,433,8,6],"class_list":["post-13075","post","type-post","status-publish","format-standard","has-post-thumbnail","hentry","category-actualidad","category-noticias","tag-carabineros","tag-noticias","tag-union-comunal","tag-yungay","tag-yungayino"],"_links":{"self":[{"href":"https:\/\/www.yungayino.cl\/noticias\/index.php?rest_route=\/wp\/v2\/posts\/13075","targetHints":{"allow":["GET"]}}],"collection":[{"href":"https:\/\/www.yungayino.cl\/noticias\/index.php?rest_route=\/wp\/v2\/posts"}],"about":[{"href":"https:\/\/www.yungayino.cl\/noticias\/index.php?rest_route=\/wp\/v2\/types\/post"}],"author":[{"embeddable":true,"href":"https:\/\/www.yungayino.cl\/noticias\/index.php?rest_route=\/wp\/v2\/users\/2"}],"replies":[{"embeddable":true,"href":"https:\/\/www.yungayino.cl\/noticias\/index.php?rest_route=%2Fwp%2Fv2%2Fcomments&post=13075"}],"version-history":[{"count":3,"href":"https:\/\/www.yungayino.cl\/noticias\/index.php?rest_route=\/wp\/v2\/posts\/13075\/revisions"}],"predecessor-version":[{"id":13079,"href":"https:\/\/www.yungayino.cl\/noticias\/index.php?rest_route=\/wp\/v2\/posts\/13075\/revisions\/13079"}],"wp:featuredmedia":[{"embeddable":true,"href":"https:\/\/www.yungayino.cl\/noticias\/index.php?rest_route=\/wp\/v2\/media\/13076"}],"wp:attachment":[{"href":"https:\/\/www.yungayino.cl\/noticias\/index.php?rest_route=%2Fwp%2Fv2%2Fmedia&parent=13075"}],"wp:term":[{"taxonomy":"category","embeddable":true,"href":"https:\/\/www.yungayino.cl\/noticias\/index.php?rest_route=%2Fwp%2Fv2%2Fcategories&post=13075"},{"taxonomy":"post_tag","embeddable":true,"href":"https:\/\/www.yungayino.cl\/noticias\/index.php?rest_route=%2Fwp%2Fv2%2Ftags&post=13075"}],"curies":[{"name":"wp","href":"https:\/\/api.w.org\/{rel}","templated":true}]}}