{"id":13080,"date":"2015-06-08T13:00:22","date_gmt":"2015-06-08T16:00:22","guid":{"rendered":"http:\/\/www.yungayino.cl\/noticias\/?p=13080"},"modified":"2015-06-08T14:58:18","modified_gmt":"2015-06-08T17:58:18","slug":"planta-masisa-cabrero-expone-en-evento-tres-miradas-sobre-la-inclusion-en-el-bio-bio","status":"publish","type":"post","link":"https:\/\/www.yungayino.cl\/noticias\/?p=13080","title":{"rendered":"Planta Masisa Cabrero Expone en Evento \u201cTres miradas sobre la inclusi\u00f3n en el B\u00edo B\u00edo\u201d"},"content":{"rendered":"<p style=\"text-align: justify;\">En un evento realizado el pasado martes 2 de junio en el auditorio de Irade que cont\u00f3 con la participaci\u00f3n de cerca de 100 personas, se llev\u00f3 a cabo el encuentro \u201cTres miradas sobre la inclusi\u00f3n en el B\u00edo B\u00edo\u201d, donde se expusieron los casos de inclusi\u00f3n en Lavander\u00eda 21, Liceo Polivalente Rep\u00fablica de Paraguay y Masisa.<\/p>\n<p style=\"text-align: justify;\">El Arzobispo de Concepci\u00f3n, Fernando Chomal\u00ed, present\u00f3 el proyecto Lavander\u00eda 21 que, a casi un a\u00f1o de su funcionamiento, hoy cuenta con 15 trabajadores con s\u00edndrome de down, quienes se desempe\u00f1an en funciones de lavado y planchado en dos sucursales y est\u00e1n pr\u00f3ximos a abrir un tercer local.<\/p>\n<p style=\"text-align: justify;\">\u201cEste proyecto busca ofrecer trabajo remunerado y digno a j\u00f3venes con s\u00edndrome de down de la Regi\u00f3n del B\u00edo B\u00edo, demostrando que son un tesoro de la sociedad y completamente capaces de realizar una contribuci\u00f3n efectiva a la regi\u00f3n\u201d, coment\u00f3 Chomal\u00ed, quien agreg\u00f3 que en la actualidad se lavan 9.000 kilos de ropa mensualmente, lo que permite su autofinanciamiento.<\/p>\n<p style=\"text-align: justify;\">Un caso de inclusi\u00f3n en el \u00e1mbito educacional fue presentado por Luis Leiva y Ver\u00f3nica \u00c1vila del Liceo Polivalente Rep\u00fablica de Paraguay de la comuna de Trehuaco. Los docentes contaron su experiencia en el aula laboral con j\u00f3venes con discapacidad quienes est\u00e1n emprendiendo el proyecto \u201cNuestros Sue\u00f1os\u201d, la primera panader\u00eda de la comuna.<\/p>\n<p style=\"text-align: justify;\">El tercer caso de inclusi\u00f3n fue el de Masisa con su experiencia de incorporaci\u00f3n de mujeres en el Complejo Industrial de Cabrero, que en su tercer a\u00f1o de implementaci\u00f3n cuenta con m\u00e1s de 80 mujeres en sus distintas l\u00edneas productivas.<\/p>\n<p style=\"text-align: justify;\">\u201cCerca del 15% de la dotaci\u00f3n de la divisi\u00f3n maderas corresponde a mujeres de la comuna de Cabrero. La diversidad de g\u00e9nero nos ha permitido formar equipos de alto desempe\u00f1o, adquiriendo nuevas habilidades, y abrir oportunidades laborales a las familias de la comuna\u201d; coment\u00f3 Lorenzo Chavalos, Gerente de Operaciones de Masisa.<\/p>\n<p style=\"text-align: justify;\">Por su parte, Patricio Torres, Seremi de Desarrollo Social Regi\u00f3n del Biob\u00edo, coment\u00f3 que \u201cno hay desarrollo si \u00e9ste no llega a las personas y si no hay paz social y esto s\u00f3lo se logra con inclusi\u00f3n\u201d. Adem\u00e1s, se\u00f1al\u00f3 planes de acci\u00f3n en tres sectores de la comunidad regional que se han visto postergados: discapacitados, adultos mayores y pueblos originarios.<\/p>\n<p style=\"text-align: justify;\">Este encuentro se enmarca en el lanzamiento de la Memoria Anual de Masisa, donde se informa el desempe\u00f1o financiero, social y ambiental de la empresa a nivel consolidado durante el a\u00f1o 2014.<\/p>\n<p style=\"text-align: justify;\"><strong>[su_button url=\u00bbhttps:\/\/www.facebook.com\/media\/set\/?set=a.1087485374599834.1073742511.159561284058919&amp;type=3&#8243; target=\u00bbblank\u00bb size=\u00bb7&#8243; radius=\u00bbround\u00bb icon=\u00bbicon: camera-retro\u00bb]Fotograf\u00edas &#8211; Planta Masisa Cabrero Expone en Evento \u201cTres miradas sobre la inclusi\u00f3n en el B\u00edo B\u00edo\u201d[\/su_button]<\/strong><\/p>\n","protected":false},"excerpt":{"rendered":"<p>En un evento realizado el pasado martes 2 de junio en el auditorio de Irade que cont\u00f3 con la participaci\u00f3n de cerca de 100 personas, se llev\u00f3 a cabo el encuentro \u201cTres miradas sobre&#46;&#46;&#46;<\/p>\n","protected":false},"author":2,"featured_media":13081,"comment_status":"open","ping_status":"open","sticky":false,"template":"","format":"standard","meta":{"footnotes":""},"categories":[3,1],"tags":[980,1018,1115,6],"class_list":["post-13080","post","type-post","status-publish","format-standard","has-post-thumbnail","hentry","category-actualidad","category-noticias","tag-cabrero","tag-masisa","tag-noticias","tag-yungayino"],"_links":{"self":[{"href":"https:\/\/www.yungayino.cl\/noticias\/index.php?rest_route=\/wp\/v2\/posts\/13080","targetHints":{"allow":["GET"]}}],"collection":[{"href":"https:\/\/www.yungayino.cl\/noticias\/index.php?rest_route=\/wp\/v2\/posts"}],"about":[{"href":"https:\/\/www.yungayino.cl\/noticias\/index.php?rest_route=\/wp\/v2\/types\/post"}],"author":[{"embeddable":true,"href":"https:\/\/www.yungayino.cl\/noticias\/index.php?rest_route=\/wp\/v2\/users\/2"}],"replies":[{"embeddable":true,"href":"https:\/\/www.yungayino.cl\/noticias\/index.php?rest_route=%2Fwp%2Fv2%2Fcomments&post=13080"}],"version-history":[{"count":4,"href":"https:\/\/www.yungayino.cl\/noticias\/index.php?rest_route=\/wp\/v2\/posts\/13080\/revisions"}],"predecessor-version":[{"id":13085,"href":"https:\/\/www.yungayino.cl\/noticias\/index.php?rest_route=\/wp\/v2\/posts\/13080\/revisions\/13085"}],"wp:featuredmedia":[{"embeddable":true,"href":"https:\/\/www.yungayino.cl\/noticias\/index.php?rest_route=\/wp\/v2\/media\/13081"}],"wp:attachment":[{"href":"https:\/\/www.yungayino.cl\/noticias\/index.php?rest_route=%2Fwp%2Fv2%2Fmedia&parent=13080"}],"wp:term":[{"taxonomy":"category","embeddable":true,"href":"https:\/\/www.yungayino.cl\/noticias\/index.php?rest_route=%2Fwp%2Fv2%2Fcategories&post=13080"},{"taxonomy":"post_tag","embeddable":true,"href":"https:\/\/www.yungayino.cl\/noticias\/index.php?rest_route=%2Fwp%2Fv2%2Ftags&post=13080"}],"curies":[{"name":"wp","href":"https:\/\/api.w.org\/{rel}","templated":true}]}}