{"id":13111,"date":"2015-06-16T16:00:18","date_gmt":"2015-06-16T19:00:18","guid":{"rendered":"http:\/\/www.yungayino.cl\/noticias\/?p=13111"},"modified":"2015-06-16T17:53:30","modified_gmt":"2015-06-16T20:53:30","slug":"biblioteca-publica-de-yungay-invita-a-participar-de-la-noche-de-san-juan-3","status":"publish","type":"post","link":"https:\/\/www.yungayino.cl\/noticias\/?p=13111","title":{"rendered":"Biblioteca P\u00fablica de Yungay Invita a Participar de la \u201cNoche de San Juan\u201d"},"content":{"rendered":"<p><a href=\"http:\/\/www.yungayino.cl\/noticias\/wp-content\/uploads\/2015\/06\/afiche-noche-de-san-juan.jpg\"><img loading=\"lazy\" decoding=\"async\" class=\"alignnone size-full wp-image-13109\" src=\"http:\/\/www.yungayino.cl\/noticias\/wp-content\/uploads\/2015\/06\/afiche-noche-de-san-juan.jpg\" alt=\"afiche noche de san juan\" width=\"500\" height=\"667\" srcset=\"https:\/\/www.yungayino.cl\/noticias\/wp-content\/uploads\/2015\/06\/afiche-noche-de-san-juan.jpg 500w, https:\/\/www.yungayino.cl\/noticias\/wp-content\/uploads\/2015\/06\/afiche-noche-de-san-juan-225x300.jpg 225w, https:\/\/www.yungayino.cl\/noticias\/wp-content\/uploads\/2015\/06\/afiche-noche-de-san-juan-112x150.jpg 112w\" sizes=\"auto, (max-width: 500px) 100vw, 500px\" \/><\/a><\/p>\n<p style=\"text-align: justify;\">Yungay, la Biblioteca P\u00fablica \u201cOreste Montero\u201d con la colaboraci\u00f3n de la Municipalidad de Yungay, tienen el agrado de invitar a toda la comunidad Yungayina y alrededores a participar de la tradicional <strong>\u201cNoche de San Juan\u201d<\/strong> el d\u00eda Martes 23 de junio, desde las 19:30 horas.<\/p>\n<p style=\"text-align: justify;\">Folklore, payadores locales, cantores populares, realizaci\u00f3n de pruebas de la Noche de San Juan y experiencias de nuestros adultos mayores ser\u00e1n parte de lo programado para festejar esta tradicional noche.<\/p>\n<p style=\"text-align: justify;\">Se\u00f1alar que \u201cSeg\u00fan cuenta la leyenda, la noche de San Juan (el 23 de junio) es m\u00e1gica, l\u00fadica y en los campos\u00a0chilenos se espera con ansias. Es la noche en que el campesino azota a los \u00e1rboles flojos que no quieren dar frutos, en que los conjuros para el amor\u00a0y la buena suerte surten efecto y nuestra Madre naturaleza puede mostrar\u00a0poderes insospechados\u201d.<\/p>\n<p style=\"text-align: justify;\">Es la ocasi\u00f3n en que los ancianos reviven y comparten viejas historias,\u00a0cuentos, chascarros y adivinanzas. Una fiesta que se espera y se prepara\u00a0todo el a\u00f1o, en donde los ni\u00f1os y los j\u00f3venes reciben de los mayores la\u00a0transmisi\u00f3n de aquellos saberes a los que no se tiene acceso todos los d\u00edas, y \u00a0por lo mismo se atesoran como patrimonio secreto. Se trata de una tradici\u00f3n ancestral heredada de la cultura espa\u00f1ola, cuyo\u00a0arraigo en nuestros campos y pueblos escondidos a\u00fan se manifiesta en todo\u00a0nuestro pa\u00eds, pero no as\u00ed en la gran urbe.<\/p>\n<p style=\"text-align: justify;\">Finalmente Paulina \u00c1vila Pinto, Jefa Biblioteca P\u00fablica N\u00b0 64 \u00abOreste Montero\u00bb manifest\u00f3 al Equipo del Portal Yungayino.cl, su invitaci\u00f3n a toda la comunidad asistir y participar en esta hermosa actividad, la cu\u00e1l es totalmente gratuita, adem\u00e1s agrego que los que asistan traigan su mate para compartir un agradable momento.<\/p>\n","protected":false},"excerpt":{"rendered":"<p>Yungay, la Biblioteca P\u00fablica \u201cOreste Montero\u201d con la colaboraci\u00f3n de la Municipalidad de Yungay, tienen el agrado de invitar a toda la comunidad Yungayina y alrededores a participar de la tradicional \u201cNoche de San&#46;&#46;&#46;<\/p>\n","protected":false},"author":2,"featured_media":13109,"comment_status":"open","ping_status":"open","sticky":false,"template":"","format":"standard","meta":{"footnotes":""},"categories":[3,5,14,1],"tags":[583,699,1115,8,6],"class_list":["post-13111","post","type-post","status-publish","format-standard","has-post-thumbnail","hentry","category-actualidad","category-eventos","category-historia","category-noticias","tag-biblioteca","tag-noche-de-san-juan","tag-noticias","tag-yungay","tag-yungayino"],"_links":{"self":[{"href":"https:\/\/www.yungayino.cl\/noticias\/index.php?rest_route=\/wp\/v2\/posts\/13111","targetHints":{"allow":["GET"]}}],"collection":[{"href":"https:\/\/www.yungayino.cl\/noticias\/index.php?rest_route=\/wp\/v2\/posts"}],"about":[{"href":"https:\/\/www.yungayino.cl\/noticias\/index.php?rest_route=\/wp\/v2\/types\/post"}],"author":[{"embeddable":true,"href":"https:\/\/www.yungayino.cl\/noticias\/index.php?rest_route=\/wp\/v2\/users\/2"}],"replies":[{"embeddable":true,"href":"https:\/\/www.yungayino.cl\/noticias\/index.php?rest_route=%2Fwp%2Fv2%2Fcomments&post=13111"}],"version-history":[{"count":1,"href":"https:\/\/www.yungayino.cl\/noticias\/index.php?rest_route=\/wp\/v2\/posts\/13111\/revisions"}],"predecessor-version":[{"id":13112,"href":"https:\/\/www.yungayino.cl\/noticias\/index.php?rest_route=\/wp\/v2\/posts\/13111\/revisions\/13112"}],"wp:featuredmedia":[{"embeddable":true,"href":"https:\/\/www.yungayino.cl\/noticias\/index.php?rest_route=\/wp\/v2\/media\/13109"}],"wp:attachment":[{"href":"https:\/\/www.yungayino.cl\/noticias\/index.php?rest_route=%2Fwp%2Fv2%2Fmedia&parent=13111"}],"wp:term":[{"taxonomy":"category","embeddable":true,"href":"https:\/\/www.yungayino.cl\/noticias\/index.php?rest_route=%2Fwp%2Fv2%2Fcategories&post=13111"},{"taxonomy":"post_tag","embeddable":true,"href":"https:\/\/www.yungayino.cl\/noticias\/index.php?rest_route=%2Fwp%2Fv2%2Ftags&post=13111"}],"curies":[{"name":"wp","href":"https:\/\/api.w.org\/{rel}","templated":true}]}}