{"id":13145,"date":"2015-06-25T20:00:35","date_gmt":"2015-06-25T23:00:35","guid":{"rendered":"http:\/\/www.yungayino.cl\/noticias\/?p=13145"},"modified":"2015-06-25T23:38:38","modified_gmt":"2015-06-26T02:38:38","slug":"biblioteca-publica-de-yungay-celebro-tradicional-noche-de-san-juan","status":"publish","type":"post","link":"https:\/\/www.yungayino.cl\/noticias\/?p=13145","title":{"rendered":"Biblioteca P\u00fablica de Yungay Celebr\u00f3 Tradicional \u201cNoche de San Juan\u201d"},"content":{"rendered":"<p style=\"text-align: justify;\">Yungay, jueves 25 de junio 2015: Con m\u00fasica, payas, bailes, folclore, mate, sopaipillas, etc., se celebr\u00f3 la Noche de San Juan en la Biblioteca P\u00fablica de Yungay, ocasi\u00f3n en la que se dio la bienvenida al invierno en la noche m\u00e1s larga del a\u00f1o.<\/p>\n<p style=\"text-align: justify;\">La Noche de San Juan es una festividad de origen pagano asociada a la llegada del solsticio de invierno (o de verano, en el hemisferio norte) en la que se suelen encender hogueras con la simb\u00f3lica finalidad de ayudar al sol a no perder fuerzas.<\/p>\n<p style=\"text-align: justify;\">Se dec\u00eda que el sol estaba perdidamente enamorado de la Tierra y no se resist\u00eda a abandonarla, hasta el punto de seguirla incluso en la noche m\u00e1s larga del a\u00f1o. Otros sosten\u00edan que durante esta fecha el diablo andaba rondando el mundo y que por su intermediaci\u00f3n, hab\u00eda que ubicarse bajo una higuera para m\u00e1gicamente aprender a tocar un instrumento musical o presenciar su supuesta floraci\u00f3n. Adem\u00e1s, se pensaba que en esta noche las parejas y la tierra eran mucho m\u00e1s f\u00e9rtiles.<\/p>\n<p style=\"text-align: justify;\">Es por este motivo y para no permitir que muera esta antigua tradici\u00f3n, es que la Biblioteca P\u00fablica de Yungay por tercer a\u00f1o consecutivo, celebr\u00f3 a San Juan, as\u00ed lo se\u00f1alo al Equip\u00f3 del portal Yungayino.cl la Jefa de la Biblioteca, Paulina \u00c1vila Pinto, qui\u00e9n adem\u00e1s agradeci\u00f3 a todos quienes nos acompa\u00f1aron, y pedimos disculpas a quienes no alcanzaron a entrar, ya que el espacio se hizo peque\u00f1o y la biblioteca estaba llen\u00edsima.<\/p>\n<p style=\"text-align: justify;\"><strong>[su_button url=\u00bbhttps:\/\/www.facebook.com\/media\/set\/?set=a.1098218400193198.1073742522.159561284058919&amp;type=1&#8243; target=\u00bbblank\u00bb size=\u00bb7&#8243; radius=\u00bbround\u00bb icon=\u00bbicon: camera-retro\u00bb]Fotograf\u00edas &#8211; Biblioteca P\u00fablica de Yungay Celebr\u00f3 Tradicional \u201cNoche de San Juan\u201d[\/su_button]<\/strong><\/p>\n","protected":false},"excerpt":{"rendered":"<p>Yungay, jueves 25 de junio 2015: Con m\u00fasica, payas, bailes, folclore, mate, sopaipillas, etc., se celebr\u00f3 la Noche de San Juan en la Biblioteca P\u00fablica de Yungay, ocasi\u00f3n en la que se dio la&#46;&#46;&#46;<\/p>\n","protected":false},"author":2,"featured_media":13147,"comment_status":"open","ping_status":"open","sticky":false,"template":"","format":"standard","meta":{"footnotes":""},"categories":[1],"tags":[583,699,1115,8,6],"class_list":["post-13145","post","type-post","status-publish","format-standard","has-post-thumbnail","hentry","category-noticias","tag-biblioteca","tag-noche-de-san-juan","tag-noticias","tag-yungay","tag-yungayino"],"_links":{"self":[{"href":"https:\/\/www.yungayino.cl\/noticias\/index.php?rest_route=\/wp\/v2\/posts\/13145","targetHints":{"allow":["GET"]}}],"collection":[{"href":"https:\/\/www.yungayino.cl\/noticias\/index.php?rest_route=\/wp\/v2\/posts"}],"about":[{"href":"https:\/\/www.yungayino.cl\/noticias\/index.php?rest_route=\/wp\/v2\/types\/post"}],"author":[{"embeddable":true,"href":"https:\/\/www.yungayino.cl\/noticias\/index.php?rest_route=\/wp\/v2\/users\/2"}],"replies":[{"embeddable":true,"href":"https:\/\/www.yungayino.cl\/noticias\/index.php?rest_route=%2Fwp%2Fv2%2Fcomments&post=13145"}],"version-history":[{"count":2,"href":"https:\/\/www.yungayino.cl\/noticias\/index.php?rest_route=\/wp\/v2\/posts\/13145\/revisions"}],"predecessor-version":[{"id":13149,"href":"https:\/\/www.yungayino.cl\/noticias\/index.php?rest_route=\/wp\/v2\/posts\/13145\/revisions\/13149"}],"wp:featuredmedia":[{"embeddable":true,"href":"https:\/\/www.yungayino.cl\/noticias\/index.php?rest_route=\/wp\/v2\/media\/13147"}],"wp:attachment":[{"href":"https:\/\/www.yungayino.cl\/noticias\/index.php?rest_route=%2Fwp%2Fv2%2Fmedia&parent=13145"}],"wp:term":[{"taxonomy":"category","embeddable":true,"href":"https:\/\/www.yungayino.cl\/noticias\/index.php?rest_route=%2Fwp%2Fv2%2Fcategories&post=13145"},{"taxonomy":"post_tag","embeddable":true,"href":"https:\/\/www.yungayino.cl\/noticias\/index.php?rest_route=%2Fwp%2Fv2%2Ftags&post=13145"}],"curies":[{"name":"wp","href":"https:\/\/api.w.org\/{rel}","templated":true}]}}