{"id":13153,"date":"2015-06-29T22:30:18","date_gmt":"2015-06-30T01:30:18","guid":{"rendered":"http:\/\/www.yungayino.cl\/noticias\/?p=13153"},"modified":"2015-06-29T22:30:18","modified_gmt":"2015-06-30T01:30:18","slug":"realizan-plaza-de-justicia-para-los-internos-del-centro-de-detencion-preventiva-de-yungay","status":"publish","type":"post","link":"https:\/\/www.yungayino.cl\/noticias\/?p=13153","title":{"rendered":"Realizan Plaza de Justicia para los Internos del Centro de Detenci\u00f3n Preventiva de Yungay"},"content":{"rendered":"<p style=\"text-align: justify;\">Yungay, lunes 29 de junio 2015: Un importante Operativo se realiz\u00f3 el pasado viernes 26 de junio 2015 en el Centro de Detenci\u00f3n Preventiva de nuestra comuna, denominado <strong>Plaza de Justicia<\/strong> dirigido a los internos que se encuentran privado de libertad, todo con el objetivo de buscar mejores condiciones de acceso a los servicios p\u00fablicos del Estado.<\/p>\n<p style=\"text-align: justify;\">La actividad se inicio a las 10:00 horas y fue presidida por el Secretario Regional Ministerial de Justicia, Jorge C\u00e1ceres M\u00e9ndez y el alcaide del recinto penal, Capit\u00e1n Rodrigo Sol\u00eds. Durante la jornada social estuvieron presentes la Corporaci\u00f3n de Asistencia Judicial, la Defensor\u00eda Penal P\u00fablica, el Servicio de Registro Civil, Gendarmer\u00eda Chile, Servicio Nacional de Menores, Servicio Medico Legal y EL Banco del Estado.<\/p>\n<p style=\"text-align: justify;\">Jorge C\u00e1ceres M\u00e9ndez, se\u00f1alo al Equipo del Portal Yungayino.cl, que con esta iniciativa se busca ayudar a los internos a prepararse para el futuro y a estar preparados para la reinserci\u00f3n social una vez que cumplan sus condenas y salgan en libertad, y por sobre todo a conservar su dignidad por sobre todas las cosas.<\/p>\n<p style=\"text-align: justify;\">Finalmente el Seremi de Justicia destac\u00f3 la participaci\u00f3n del Registro Civil, lo que permiti\u00f3 que los internos realizaran su tramitaci\u00f3n de obtenci\u00f3n de c\u00e9dula de identidad en el mismo lugar y de los Funcionarios del Banco del Estado de Yungay, quienes tramitaron la obtenci\u00f3n de la cuenta Rut y abertura de cuenta de ahorro para la vivienda, tambi\u00e9n se expuso sobre la ley de rebaja de pena, libertad condicional y eliminaci\u00f3n de antecedentes; la Defensor\u00eda Penal P\u00fablica, inform\u00f3 a los imputados sobre el estado de sus causas y a los condenados sobre la unificaci\u00f3n de penas; y Gendarmer\u00eda Regional los orientaba sobre los beneficios intrapenitenciarios.<\/p>\n<p style=\"text-align: justify;\">[su_button url=\u00bbhttps:\/\/www.facebook.com\/media\/set\/?set=a.1100448069970231.1073742524.159561284058919&amp;type=1&#8243; target=\u00bbblank\u00bb size=\u00bb7&#8243; radius=\u00bbround\u00bb icon=\u00bbicon: camera-retro\u00bb]Fotograf\u00edas &#8211; Realizan Plaza de Justicia para los Internos del Centro de Detenci\u00f3n Preventiva de Yungay[\/su_button]<\/p>\n","protected":false},"excerpt":{"rendered":"<p>Yungay, lunes 29 de junio 2015: Un importante Operativo se realiz\u00f3 el pasado viernes 26 de junio 2015 en el Centro de Detenci\u00f3n Preventiva de nuestra comuna, denominado Plaza de Justicia dirigido a los&#46;&#46;&#46;<\/p>\n","protected":false},"author":2,"featured_media":13154,"comment_status":"open","ping_status":"open","sticky":false,"template":"","format":"standard","meta":{"footnotes":""},"categories":[1],"tags":[],"class_list":["post-13153","post","type-post","status-publish","format-standard","has-post-thumbnail","hentry","category-noticias"],"_links":{"self":[{"href":"https:\/\/www.yungayino.cl\/noticias\/index.php?rest_route=\/wp\/v2\/posts\/13153","targetHints":{"allow":["GET"]}}],"collection":[{"href":"https:\/\/www.yungayino.cl\/noticias\/index.php?rest_route=\/wp\/v2\/posts"}],"about":[{"href":"https:\/\/www.yungayino.cl\/noticias\/index.php?rest_route=\/wp\/v2\/types\/post"}],"author":[{"embeddable":true,"href":"https:\/\/www.yungayino.cl\/noticias\/index.php?rest_route=\/wp\/v2\/users\/2"}],"replies":[{"embeddable":true,"href":"https:\/\/www.yungayino.cl\/noticias\/index.php?rest_route=%2Fwp%2Fv2%2Fcomments&post=13153"}],"version-history":[{"count":1,"href":"https:\/\/www.yungayino.cl\/noticias\/index.php?rest_route=\/wp\/v2\/posts\/13153\/revisions"}],"predecessor-version":[{"id":13155,"href":"https:\/\/www.yungayino.cl\/noticias\/index.php?rest_route=\/wp\/v2\/posts\/13153\/revisions\/13155"}],"wp:featuredmedia":[{"embeddable":true,"href":"https:\/\/www.yungayino.cl\/noticias\/index.php?rest_route=\/wp\/v2\/media\/13154"}],"wp:attachment":[{"href":"https:\/\/www.yungayino.cl\/noticias\/index.php?rest_route=%2Fwp%2Fv2%2Fmedia&parent=13153"}],"wp:term":[{"taxonomy":"category","embeddable":true,"href":"https:\/\/www.yungayino.cl\/noticias\/index.php?rest_route=%2Fwp%2Fv2%2Fcategories&post=13153"},{"taxonomy":"post_tag","embeddable":true,"href":"https:\/\/www.yungayino.cl\/noticias\/index.php?rest_route=%2Fwp%2Fv2%2Ftags&post=13153"}],"curies":[{"name":"wp","href":"https:\/\/api.w.org\/{rel}","templated":true}]}}