{"id":13157,"date":"2015-07-01T23:00:04","date_gmt":"2015-07-02T02:00:04","guid":{"rendered":"http:\/\/www.yungayino.cl\/noticias\/?p=13157"},"modified":"2015-07-02T18:32:15","modified_gmt":"2015-07-02T21:32:15","slug":"cronicas-relatos-y-expectativas-de-una-docente-yungayina-en-norteamerica","status":"publish","type":"post","link":"https:\/\/www.yungayino.cl\/noticias\/?p=13157","title":{"rendered":"Cr\u00f3nicas, Relatos y Expectativas de una Docente Yungayina en Norteam\u00e9rica"},"content":{"rendered":"<p style=\"text-align: justify;\">Reci\u00e9n egresada de la universidad me dirig\u00ed esperanzada y llena de sue\u00f1os a buscar un lugar donde me dieran una oportunidad para poner en pr\u00e1ctica todos mis conocimientos alcanzados en la universidad. Toque varias puertas recorr\u00ed varios pueblos cercanos a Chill\u00e1n, hasta que di con Yungay, entre en las oficinas del DAEM y deje mis documentos, la verdad ya un poco desilusionada y cansada.<\/p>\n<p style=\"text-align: justify;\">D\u00edas m\u00e1s tarde recib\u00ed una llamada inesperada del DAEM de la comuna de Yungay, me dieron una noticia que me lleno de alegr\u00eda, ten\u00eda una entrevista de trabajo urgente, fui sin pensarlo y al d\u00eda siguiente estaba trabajando en <strong>Ranchillos<\/strong>, un lugar alejado de mi realidad, en el que aprend\u00ed muchas cosas, me encontr\u00e9 con personas incre\u00edbles, con profesores de calidad que realmente entienden las necesidades de sus alumnos, las entienden y las valoran de manera sincera. Me hicieron parte del grupo docente y estuvieron abiertos a las ideas nuevas de esta novata que llegaba solo con la teor\u00eda, y aun as\u00ed me escucharon y me apoyaron.<\/p>\n<p style=\"text-align: justify;\">Pasaron los meses y me encari\u00f1aba con el ambiente, con mis ni\u00f1os quienes me ense\u00f1aron que las cosas simples de la vida son las que m\u00e1s valen y te hacen crecer, pero inesperadamente llego un ofrecimiento que me hizo replantearme algunas cosas sobre lo que necesitaba lograr como profesional. Un ofrecimiento desde el otro lado del mundo (Estados Unidos) llego sin siquiera buscarlo, y la vida puso todas las piezas en orden para que aceptara y volara desde ac\u00e1.<\/p>\n<p style=\"text-align: justify;\">Llevo 11 meses y seguramente muchos creen que me he olvidado de <strong>Ranchillos<\/strong> con el deslumbrante movimiento de este cosmopolita pa\u00eds, pero no es as\u00ed, cada cosa que conozco, cada nuevo lugar, cada nueva cultura me hace apreciar haber compartido con personas tan genuinas y verdaderas como las que conoc\u00ed cerca de casa. El trabajo es mucho, y la verdad he aprendido cosas nuevas, son experiencias que espero me ayuden a ponerlas en pr\u00e1ctica en mi pa\u00eds. La informaci\u00f3n recopilada y el trabajar con ni\u00f1os de una cultura e idioma totalmente opuesto al m\u00edo es realmente un desaf\u00edo, ya que ellos no hablan espa\u00f1ol.<\/p>\n<p style=\"text-align: justify;\">Ahora les puedo decir con toda seguridad que los ni\u00f1os son iguales en todas partes del mundo, que su amor es verdadero, que sus descubrimientos del mundo que los rodea son igual de inocentes y que nos sorprenden con su ingenuidad y ternura. Espero mi experiencia pueda servir para motivar a los profesionales de la educaci\u00f3n de nuestra comuna, y que a mi regreso pueda compartir con Uds. mi experiencia, y recoger la vuestra.<\/p>\n<p style=\"text-align: justify;\">Constanza Guti\u00e9rrez \/ Educadora de P\u00e1rvulos<\/p>\n","protected":false},"excerpt":{"rendered":"<p>Reci\u00e9n egresada de la universidad me dirig\u00ed esperanzada y llena de sue\u00f1os a buscar un lugar donde me dieran una oportunidad para poner en pr\u00e1ctica todos mis conocimientos alcanzados en la universidad. Toque varias&#46;&#46;&#46;<\/p>\n","protected":false},"author":2,"featured_media":13159,"comment_status":"open","ping_status":"open","sticky":false,"template":"","format":"standard","meta":{"footnotes":""},"categories":[3,1],"tags":[1087,355,1115,8,6],"class_list":["post-13157","post","type-post","status-publish","format-standard","has-post-thumbnail","hentry","category-actualidad","category-noticias","tag-constanza-gutierrez","tag-daem","tag-noticias","tag-yungay","tag-yungayino"],"_links":{"self":[{"href":"https:\/\/www.yungayino.cl\/noticias\/index.php?rest_route=\/wp\/v2\/posts\/13157","targetHints":{"allow":["GET"]}}],"collection":[{"href":"https:\/\/www.yungayino.cl\/noticias\/index.php?rest_route=\/wp\/v2\/posts"}],"about":[{"href":"https:\/\/www.yungayino.cl\/noticias\/index.php?rest_route=\/wp\/v2\/types\/post"}],"author":[{"embeddable":true,"href":"https:\/\/www.yungayino.cl\/noticias\/index.php?rest_route=\/wp\/v2\/users\/2"}],"replies":[{"embeddable":true,"href":"https:\/\/www.yungayino.cl\/noticias\/index.php?rest_route=%2Fwp%2Fv2%2Fcomments&post=13157"}],"version-history":[{"count":1,"href":"https:\/\/www.yungayino.cl\/noticias\/index.php?rest_route=\/wp\/v2\/posts\/13157\/revisions"}],"predecessor-version":[{"id":13161,"href":"https:\/\/www.yungayino.cl\/noticias\/index.php?rest_route=\/wp\/v2\/posts\/13157\/revisions\/13161"}],"wp:featuredmedia":[{"embeddable":true,"href":"https:\/\/www.yungayino.cl\/noticias\/index.php?rest_route=\/wp\/v2\/media\/13159"}],"wp:attachment":[{"href":"https:\/\/www.yungayino.cl\/noticias\/index.php?rest_route=%2Fwp%2Fv2%2Fmedia&parent=13157"}],"wp:term":[{"taxonomy":"category","embeddable":true,"href":"https:\/\/www.yungayino.cl\/noticias\/index.php?rest_route=%2Fwp%2Fv2%2Fcategories&post=13157"},{"taxonomy":"post_tag","embeddable":true,"href":"https:\/\/www.yungayino.cl\/noticias\/index.php?rest_route=%2Fwp%2Fv2%2Ftags&post=13157"}],"curies":[{"name":"wp","href":"https:\/\/api.w.org\/{rel}","templated":true}]}}