{"id":13177,"date":"2015-07-04T19:00:35","date_gmt":"2015-07-04T22:00:35","guid":{"rendered":"http:\/\/www.yungayino.cl\/noticias\/?p=13177"},"modified":"2015-07-05T21:59:28","modified_gmt":"2015-07-06T00:59:28","slug":"arauco-recibe-premio-mas-region-de-corbibio","status":"publish","type":"post","link":"https:\/\/www.yungayino.cl\/noticias\/?p=13177","title":{"rendered":"ARAUCO Recibe Premio \u201cM\u00e1s Regi\u00f3n\u201d, de Corbibio"},"content":{"rendered":"<p style=\"text-align: justify;\">Concepci\u00f3n, el Premio <strong>\u201cM\u00e1s Regi\u00f3n\u201d <\/strong>en la categor\u00eda Empresa, recibi\u00f3 ARAUCO en el marco de la Asamblea Anual de Socios de la Corporaci\u00f3n Privada de Desarrollo de la Regi\u00f3n del B\u00edo, Corbiob\u00edo.<\/p>\n<p style=\"text-align: justify;\">Jorge Porter, presidente de la entidad, explic\u00f3 que la distinci\u00f3n se entrega \u201cen reconocimiento al valioso aporte y contribuci\u00f3n al progreso regional y al proceso de descentralizaci\u00f3n de Chile\u201d.<\/p>\n<p style=\"text-align: justify;\">En representaci\u00f3n de ARAUCO, recibi\u00f3 el Premio el Subgerente de Asuntos P\u00fablicos, Patricio Eyzaguirre, quien coment\u00f3 que \u201cposeemos un especial arraigo a la Regi\u00f3n del B\u00edo B\u00edo, que es la zona donde tenemos mayor presencia, tanto forestal como industrial. Y esa identificaci\u00f3n nos impulsa en el convencimiento de que nuestro desarrollo como empresa debe ir de la mano con el desarrollo de la Regi\u00f3n\u201d.<\/p>\n<p style=\"text-align: justify;\">Eyzaguirre agreg\u00f3 que \u201cm\u00e1s all\u00e1 del aporte a la econom\u00eda regional, como el principal exportador, hemos llevado adelante proyectos productivos de alto impacto social y econ\u00f3mico, sustentados en una alta participaci\u00f3n y en iniciativas que generen valor compartido para ambas partes: empresa y comunidad\u201d.<\/p>\n<p style=\"text-align: justify;\">En la ceremonia, Corbiobio celebr\u00f3 su 31\u00b0 aniversario y los socios renovaron tambi\u00e9n parte de su directorio, resultando reelectos los directores Claudio Lapostol, Milan Fabjanovic, Enrique Catal\u00e1n, Erwin Sariego y Pedro D\u00edaz, para el per\u00edodo 2016 \u2013 2018.<\/p>\n<p style=\"text-align: justify;\">En la oportunidad, se entreg\u00f3 tambi\u00e9n el premio M\u00e1s Regi\u00f3n en la categor\u00eda universidad, a la Universidad del B\u00edo B\u00edo, representada por su rector, H\u00e9ctor Gaete Feres.<\/p>\n<p style=\"text-align: justify;\">Finalmente se\u00f1alar que en la votaci\u00f3n participaron gremios, instituciones, empresas, pymes y casas de estudios superiores.<\/p>\n","protected":false},"excerpt":{"rendered":"<p>Concepci\u00f3n, el Premio \u201cM\u00e1s Regi\u00f3n\u201d en la categor\u00eda Empresa, recibi\u00f3 ARAUCO en el marco de la Asamblea Anual de Socios de la Corporaci\u00f3n Privada de Desarrollo de la Regi\u00f3n del B\u00edo, Corbiob\u00edo. Jorge Porter,&#46;&#46;&#46;<\/p>\n","protected":false},"author":2,"featured_media":13178,"comment_status":"open","ping_status":"open","sticky":false,"template":"","format":"standard","meta":{"footnotes":""},"categories":[3,1],"tags":[1093,1092,1115,250,6],"class_list":["post-13177","post","type-post","status-publish","format-standard","has-post-thumbnail","hentry","category-actualidad","category-noticias","tag-corbiobio","tag-mas-region","tag-noticias","tag-paneles-arauco","tag-yungayino"],"_links":{"self":[{"href":"https:\/\/www.yungayino.cl\/noticias\/index.php?rest_route=\/wp\/v2\/posts\/13177","targetHints":{"allow":["GET"]}}],"collection":[{"href":"https:\/\/www.yungayino.cl\/noticias\/index.php?rest_route=\/wp\/v2\/posts"}],"about":[{"href":"https:\/\/www.yungayino.cl\/noticias\/index.php?rest_route=\/wp\/v2\/types\/post"}],"author":[{"embeddable":true,"href":"https:\/\/www.yungayino.cl\/noticias\/index.php?rest_route=\/wp\/v2\/users\/2"}],"replies":[{"embeddable":true,"href":"https:\/\/www.yungayino.cl\/noticias\/index.php?rest_route=%2Fwp%2Fv2%2Fcomments&post=13177"}],"version-history":[{"count":1,"href":"https:\/\/www.yungayino.cl\/noticias\/index.php?rest_route=\/wp\/v2\/posts\/13177\/revisions"}],"predecessor-version":[{"id":13180,"href":"https:\/\/www.yungayino.cl\/noticias\/index.php?rest_route=\/wp\/v2\/posts\/13177\/revisions\/13180"}],"wp:featuredmedia":[{"embeddable":true,"href":"https:\/\/www.yungayino.cl\/noticias\/index.php?rest_route=\/wp\/v2\/media\/13178"}],"wp:attachment":[{"href":"https:\/\/www.yungayino.cl\/noticias\/index.php?rest_route=%2Fwp%2Fv2%2Fmedia&parent=13177"}],"wp:term":[{"taxonomy":"category","embeddable":true,"href":"https:\/\/www.yungayino.cl\/noticias\/index.php?rest_route=%2Fwp%2Fv2%2Fcategories&post=13177"},{"taxonomy":"post_tag","embeddable":true,"href":"https:\/\/www.yungayino.cl\/noticias\/index.php?rest_route=%2Fwp%2Fv2%2Ftags&post=13177"}],"curies":[{"name":"wp","href":"https:\/\/api.w.org\/{rel}","templated":true}]}}