{"id":13181,"date":"2015-07-04T21:00:18","date_gmt":"2015-07-05T00:00:18","guid":{"rendered":"http:\/\/www.yungayino.cl\/noticias\/?p=13181"},"modified":"2015-07-05T22:05:53","modified_gmt":"2015-07-06T01:05:53","slug":"camara-de-comercio-y-turismo-de-yungay-realiza-su-primera-reunion","status":"publish","type":"post","link":"https:\/\/www.yungayino.cl\/noticias\/?p=13181","title":{"rendered":"C\u00e1mara de Comercio y Turismo de Yungay Realiza su Primera Reuni\u00f3n"},"content":{"rendered":"<p style=\"text-align: justify;\">Yungay, El mi\u00e9rcoles reci\u00e9n pasado se llev\u00f3 a cabo la primera reuni\u00f3n de la C\u00e1mara de Comercio y Turismo de Yungay, a la que asistieron su directiva y socios, la cu\u00e1l se llevo a cabo en las dependencias del Sal\u00f3n de Carabineros.<\/p>\n<p style=\"text-align: justify;\">Destacar que el pasado 09 de junio 2015 se llevo a cabo la constituci\u00f3n de la C\u00e1mara de Comercio y Turismo de Yungay, la cu\u00e1l tiene como objetivo realizar un ordenamiento del comercio, la difusi\u00f3n del turismo comunal y tambi\u00e9n poder postular a proyectos.<\/p>\n<p style=\"text-align: justify;\">El presidente de la C\u00e1mara de Comercio Sr. Pedro V\u00e1squez Riquelme se\u00f1alo al Equipo del Portal Yungayino.cl, que en esta primera reuni\u00f3n solo asistieron 20 comerciantes de nuestra comuna, donde se les hizo entrega de los estatutos a la reci\u00e9n formada directiva, para que los estudien y eval\u00faen, lo que les permitir\u00e1 desarrollarse de muy buena maneras en sus funciones como presidente, tesorero, secretario etc.<\/p>\n<p style=\"text-align: justify;\">Tambi\u00e9n destac\u00f3 que ya cuentan con una Personalidad Jur\u00eddica y Rut, lo que les permitir\u00e1 en el futuro poder postular a proyectos que favorecer\u00e1n al comercio de Yungay y la comunidad.<\/p>\n<p style=\"text-align: justify;\">El dirigente reiter\u00f3 el llamado a todos los comerciantes a participar, se\u00f1alando que en la comuna existen alrededor de 400 comerciantes, por eso es muy importante que todos participen y se incorporen a trabajar todos unidos por el bien de la comuna.<\/p>\n<p style=\"text-align: justify;\">Finalmente el presidente destac\u00f3 el apoyo y asesoramiento del Mayor de Carabineros Darwin Illanes, quien ha sido uno de los gestores para que se constituyera la C\u00e1mara de Comercio y Turismo de Yungay.<\/p>\n<p style=\"text-align: justify;\">[su_button url=\u00bbhttps:\/\/www.facebook.com\/media\/set\/?set=a.1104416026240102.1073742529.159561284058919&amp;type=1&#8243; target=\u00bbblank\u00bb size=\u00bb7&#8243; radius=\u00bbround\u00bb icon=\u00bbicon: camera-retro\u00bb]Fotograf\u00edas &#8211; C\u00e1mara de Comercio y Turismo de Yungay Realiza su Primera Reuni\u00f3n[\/su_button]<\/p>\n","protected":false},"excerpt":{"rendered":"<p>Yungay, El mi\u00e9rcoles reci\u00e9n pasado se llev\u00f3 a cabo la primera reuni\u00f3n de la C\u00e1mara de Comercio y Turismo de Yungay, a la que asistieron su directiva y socios, la cu\u00e1l se llevo a&#46;&#46;&#46;<\/p>\n","protected":false},"author":2,"featured_media":13179,"comment_status":"open","ping_status":"open","sticky":false,"template":"","format":"standard","meta":{"footnotes":""},"categories":[3,1,15],"tags":[1083,1115,8,6],"class_list":["post-13181","post","type-post","status-publish","format-standard","has-post-thumbnail","hentry","category-actualidad","category-noticias","category-turismo","tag-camara-de-comercio","tag-noticias","tag-yungay","tag-yungayino"],"_links":{"self":[{"href":"https:\/\/www.yungayino.cl\/noticias\/index.php?rest_route=\/wp\/v2\/posts\/13181","targetHints":{"allow":["GET"]}}],"collection":[{"href":"https:\/\/www.yungayino.cl\/noticias\/index.php?rest_route=\/wp\/v2\/posts"}],"about":[{"href":"https:\/\/www.yungayino.cl\/noticias\/index.php?rest_route=\/wp\/v2\/types\/post"}],"author":[{"embeddable":true,"href":"https:\/\/www.yungayino.cl\/noticias\/index.php?rest_route=\/wp\/v2\/users\/2"}],"replies":[{"embeddable":true,"href":"https:\/\/www.yungayino.cl\/noticias\/index.php?rest_route=%2Fwp%2Fv2%2Fcomments&post=13181"}],"version-history":[{"count":2,"href":"https:\/\/www.yungayino.cl\/noticias\/index.php?rest_route=\/wp\/v2\/posts\/13181\/revisions"}],"predecessor-version":[{"id":13183,"href":"https:\/\/www.yungayino.cl\/noticias\/index.php?rest_route=\/wp\/v2\/posts\/13181\/revisions\/13183"}],"wp:featuredmedia":[{"embeddable":true,"href":"https:\/\/www.yungayino.cl\/noticias\/index.php?rest_route=\/wp\/v2\/media\/13179"}],"wp:attachment":[{"href":"https:\/\/www.yungayino.cl\/noticias\/index.php?rest_route=%2Fwp%2Fv2%2Fmedia&parent=13181"}],"wp:term":[{"taxonomy":"category","embeddable":true,"href":"https:\/\/www.yungayino.cl\/noticias\/index.php?rest_route=%2Fwp%2Fv2%2Fcategories&post=13181"},{"taxonomy":"post_tag","embeddable":true,"href":"https:\/\/www.yungayino.cl\/noticias\/index.php?rest_route=%2Fwp%2Fv2%2Ftags&post=13181"}],"curies":[{"name":"wp","href":"https:\/\/api.w.org\/{rel}","templated":true}]}}