{"id":13184,"date":"2015-07-08T15:00:02","date_gmt":"2015-07-08T18:00:02","guid":{"rendered":"http:\/\/www.yungayino.cl\/noticias\/?p=13184"},"modified":"2015-07-10T00:34:42","modified_gmt":"2015-07-10T03:34:42","slug":"yungayinos-participaron-en-feria-de-turismo-de-invierno-realizada-en-chillan","status":"publish","type":"post","link":"https:\/\/www.yungayino.cl\/noticias\/?p=13184","title":{"rendered":"Yungayinos Participaron en Feria de Turismo de Invierno Realizada en Chill\u00e1n"},"content":{"rendered":"<p style=\"text-align: justify;\">Yungay, Julio 2015: Emprendedores y artesanos de nuestra comuna participaron en la Feria de Turismo de Invierno que se llevo a cabo este fin de semana en la ciudad de Chill\u00e1n y que fue inaugurada por el alcalde Sergio Zarzar.<\/p>\n<p style=\"text-align: justify;\">La actividad que estuvo instalada en el Liceo Marta Brunet y que estaba destinada a promover,\u00a0comercializar y difundir\u00a0los productos\u00a0y servicios\u00a0 tur\u00edsticos\u00a0de la\u00a0comuna y de la Provincia de \u00d1uble, adem\u00e1s de generar\u00a0flujos de turistas de corta distancia, pensando\u00a0en grupos familiares, de ni\u00f1os y j\u00f3venes\u00a0 en\u00a0edad\u00a0escolar, que\u00a0disfrutan de sus vacaciones\u00a0de Invierno\u00a0y que requieren conocer la oferta tur\u00edstica disponible.<\/p>\n<p style=\"text-align: justify;\">Se\u00f1alar que participaron 32 stands de 14 comunas de \u00d1uble tanto de empresas, emprendedores y\u00a0 productores\u00a0formales, privilegiando\u00a0a\u00a0quienes\u00a0 cuentan\u00a0con programas\u00a0y\u00a0 promociones\u00a0pensadas a j\u00f3venes\u00a0y ni\u00f1os\u00a0con su\u00a0grupo familiar,\u00a0y que\u00a0forman\u00a0parte\u00a0de la alianza\u00a0 estrat\u00e9gica\u00a0del municipio\u00a0 de Chill\u00e1n\u00a0con la\u00a0 Red\u00a0 de Coordinadores\u00a0de Turismo\u00a0Municipal\u00a0y el\u00a0 \u201cCl\u00faster\u00a0Tur\u00edstico de \u00d1uble\u201d.<\/p>\n<p style=\"text-align: justify;\">El alcalde Zarzar se\u00f1alo que esta feria nos muestra la cantidad de productos que nacen en nuestra provincia y alta calidad de ellos. Es la segunda versi\u00f3n de la feria y estamos contentos porque cada a\u00f1o vemos mayor inter\u00e9s en el p\u00fablico y tambi\u00e9n una oferta superior, atractiva para los chillanejos, los j\u00f3venes y quienes pasan por nuestra ciudad.<\/p>\n<p style=\"text-align: justify;\">\n<p style=\"text-align: justify;\">[su_button url=\u00bbhttps:\/\/www.facebook.com\/media\/set\/?set=a.1106933925988312.1073742530.159561284058919&amp;type=1&#8243; target=\u00bbblank\u00bb size=\u00bb7&#8243; radius=\u00bbround\u00bb icon=\u00bbicon: camera-retro\u00bb]Fotograf\u00edas &#8211; Yungayinos Participaron en Feria de Turismo de Invierno Realizada en Chill\u00e1n [\/su_button]<\/p>\n<p style=\"text-align: justify;\">\n","protected":false},"excerpt":{"rendered":"<p>Yungay, Julio 2015: Emprendedores y artesanos de nuestra comuna participaron en la Feria de Turismo de Invierno que se llevo a cabo este fin de semana en la ciudad de Chill\u00e1n y que fue&#46;&#46;&#46;<\/p>\n","protected":false},"author":2,"featured_media":13185,"comment_status":"open","ping_status":"open","sticky":false,"template":"","format":"standard","meta":{"footnotes":""},"categories":[1],"tags":[728,1115,8,6],"class_list":["post-13184","post","type-post","status-publish","format-standard","has-post-thumbnail","hentry","category-noticias","tag-chillan","tag-noticias","tag-yungay","tag-yungayino"],"_links":{"self":[{"href":"https:\/\/www.yungayino.cl\/noticias\/index.php?rest_route=\/wp\/v2\/posts\/13184","targetHints":{"allow":["GET"]}}],"collection":[{"href":"https:\/\/www.yungayino.cl\/noticias\/index.php?rest_route=\/wp\/v2\/posts"}],"about":[{"href":"https:\/\/www.yungayino.cl\/noticias\/index.php?rest_route=\/wp\/v2\/types\/post"}],"author":[{"embeddable":true,"href":"https:\/\/www.yungayino.cl\/noticias\/index.php?rest_route=\/wp\/v2\/users\/2"}],"replies":[{"embeddable":true,"href":"https:\/\/www.yungayino.cl\/noticias\/index.php?rest_route=%2Fwp%2Fv2%2Fcomments&post=13184"}],"version-history":[{"count":3,"href":"https:\/\/www.yungayino.cl\/noticias\/index.php?rest_route=\/wp\/v2\/posts\/13184\/revisions"}],"predecessor-version":[{"id":13195,"href":"https:\/\/www.yungayino.cl\/noticias\/index.php?rest_route=\/wp\/v2\/posts\/13184\/revisions\/13195"}],"wp:featuredmedia":[{"embeddable":true,"href":"https:\/\/www.yungayino.cl\/noticias\/index.php?rest_route=\/wp\/v2\/media\/13185"}],"wp:attachment":[{"href":"https:\/\/www.yungayino.cl\/noticias\/index.php?rest_route=%2Fwp%2Fv2%2Fmedia&parent=13184"}],"wp:term":[{"taxonomy":"category","embeddable":true,"href":"https:\/\/www.yungayino.cl\/noticias\/index.php?rest_route=%2Fwp%2Fv2%2Fcategories&post=13184"},{"taxonomy":"post_tag","embeddable":true,"href":"https:\/\/www.yungayino.cl\/noticias\/index.php?rest_route=%2Fwp%2Fv2%2Ftags&post=13184"}],"curies":[{"name":"wp","href":"https:\/\/api.w.org\/{rel}","templated":true}]}}