{"id":13209,"date":"2015-07-14T20:00:57","date_gmt":"2015-07-14T23:00:57","guid":{"rendered":"http:\/\/www.yungayino.cl\/noticias\/?p=13209"},"modified":"2015-07-15T22:39:51","modified_gmt":"2015-07-16T01:39:51","slug":"en-yungay-forman-agrupacion-red-de-turismo","status":"publish","type":"post","link":"https:\/\/www.yungayino.cl\/noticias\/?p=13209","title":{"rendered":"En Yungay Forman Agrupaci\u00f3n Red de Turismo"},"content":{"rendered":"<p style=\"text-align: justify;\">Yungay, en el auditorio de la biblioteca se llevo a cabo la formaci\u00f3n de la Agrupaci\u00f3n Red de Turismo Yungay, integrada por emprendedores de nuestra comuna.<\/p>\n<p style=\"text-align: justify;\">En la ocasi\u00f3n se eligi\u00f3 la directiva, la cu\u00e1l quedo presidida por Melissa Urbano, como secretaria Blanca Fa\u00fandez y tesorero Luis Carrasco.<\/p>\n<p style=\"text-align: justify;\">Miguel Mart\u00ednez, Encargado de Turismo y Gesti\u00f3n Cultural de la Ilustre Municipalidad de Yungay, se\u00f1alo que el objetivo de la formaci\u00f3n de esta agrupaci\u00f3n es realizar un trabajo en conjunto, el cu\u00e1l permita postular a proyectos asociativos, todo con el fin de mejorar los servicios y productos que se elaboran y prestan los mismos socios de la nueva agrupaci\u00f3n que busca adem\u00e1s mostrar todas las bellezas tur\u00edsticas de nuestra comuna.<\/p>\n<p style=\"text-align: justify;\">Por su parte la presidenta, Melisa Urbano se\u00f1alo que la idea de esta red de turismo es principalmente fortalecernos como organizaci\u00f3n, obviamente esperando todo el apoyo principalmente de la primera autoridad comunal del alcalde Pedro Inostroza, tambi\u00e9n indico que dejan invitados a todos quienes quieran formar parte de esta hermosa iniciativa y que los interesado pueden hacer las consultas a los siguientes tel\u00e9fono (78441370 \u2013 58689554).<\/p>\n<p style=\"text-align: justify;\">[su_button url=\u00bbhttps:\/\/www.facebook.com\/media\/set\/?set=a.1110165535665151.1073742534.159561284058919&amp;type=1&#8243; target=\u00bbblank\u00bb size=\u00bb7&#8243; radius=\u00bbround\u00bb icon=\u00bbicon: camera-retro\u00bb]Fotograf\u00edas &#8211; En Yungay Forman Agrupaci\u00f3n de Red de Turismo[\/su_button]<\/p>\n","protected":false},"excerpt":{"rendered":"<p>Yungay, en el auditorio de la biblioteca se llevo a cabo la formaci\u00f3n de la Agrupaci\u00f3n Red de Turismo Yungay, integrada por emprendedores de nuestra comuna. En la ocasi\u00f3n se eligi\u00f3 la directiva, la&#46;&#46;&#46;<\/p>\n","protected":false},"author":2,"featured_media":13210,"comment_status":"open","ping_status":"open","sticky":false,"template":"","format":"standard","meta":{"footnotes":""},"categories":[3,14,1,15],"tags":[1099,1115,1119,8,6],"class_list":["post-13209","post","type-post","status-publish","format-standard","has-post-thumbnail","hentry","category-actualidad","category-historia","category-noticias","category-turismo","tag-agrupacion-red-de-turismo","tag-noticias","tag-turismo","tag-yungay","tag-yungayino"],"_links":{"self":[{"href":"https:\/\/www.yungayino.cl\/noticias\/index.php?rest_route=\/wp\/v2\/posts\/13209","targetHints":{"allow":["GET"]}}],"collection":[{"href":"https:\/\/www.yungayino.cl\/noticias\/index.php?rest_route=\/wp\/v2\/posts"}],"about":[{"href":"https:\/\/www.yungayino.cl\/noticias\/index.php?rest_route=\/wp\/v2\/types\/post"}],"author":[{"embeddable":true,"href":"https:\/\/www.yungayino.cl\/noticias\/index.php?rest_route=\/wp\/v2\/users\/2"}],"replies":[{"embeddable":true,"href":"https:\/\/www.yungayino.cl\/noticias\/index.php?rest_route=%2Fwp%2Fv2%2Fcomments&post=13209"}],"version-history":[{"count":2,"href":"https:\/\/www.yungayino.cl\/noticias\/index.php?rest_route=\/wp\/v2\/posts\/13209\/revisions"}],"predecessor-version":[{"id":13213,"href":"https:\/\/www.yungayino.cl\/noticias\/index.php?rest_route=\/wp\/v2\/posts\/13209\/revisions\/13213"}],"wp:featuredmedia":[{"embeddable":true,"href":"https:\/\/www.yungayino.cl\/noticias\/index.php?rest_route=\/wp\/v2\/media\/13210"}],"wp:attachment":[{"href":"https:\/\/www.yungayino.cl\/noticias\/index.php?rest_route=%2Fwp%2Fv2%2Fmedia&parent=13209"}],"wp:term":[{"taxonomy":"category","embeddable":true,"href":"https:\/\/www.yungayino.cl\/noticias\/index.php?rest_route=%2Fwp%2Fv2%2Fcategories&post=13209"},{"taxonomy":"post_tag","embeddable":true,"href":"https:\/\/www.yungayino.cl\/noticias\/index.php?rest_route=%2Fwp%2Fv2%2Ftags&post=13209"}],"curies":[{"name":"wp","href":"https:\/\/api.w.org\/{rel}","templated":true}]}}