{"id":13214,"date":"2015-07-15T21:00:08","date_gmt":"2015-07-16T00:00:08","guid":{"rendered":"http:\/\/www.yungayino.cl\/noticias\/?p=13214"},"modified":"2015-07-15T22:44:22","modified_gmt":"2015-07-16T01:44:22","slug":"programa-servicio-pais-realiza-ceremonia-de-lanzamiento-en-yungay","status":"publish","type":"post","link":"https:\/\/www.yungayino.cl\/noticias\/?p=13214","title":{"rendered":"Programa \u201cServicio Pa\u00eds\u201d Realiza Ceremonia de Lanzamiento en Yungay"},"content":{"rendered":"<p style=\"text-align: justify;\">Yungay, en el auditorio de la Biblioteca P\u00fablica se llevo a cabo el pasado viernes 17 de julio la Ceremonia de Lanzamiento en Yungay del Programa <strong>\u201cServicio Pa\u00eds\u201d.<\/strong><\/p>\n<p style=\"text-align: justify;\">Se\u00f1alar que Servicio Pa\u00eds es un programa de Intervenci\u00f3n Social creado por la <a href=\"https:\/\/es.wikipedia.org\/wiki\/Fundaci%C3%B3n_para_la_Superaci%C3%B3n_de_la_Pobreza\">Fundaci\u00f3n para la Superaci\u00f3n de la Pobreza<\/a><strong>,<\/strong> que busca generar transformaciones socioculturales en las comunidades del territorio rural. Adem\u00e1s tiene por objetivo incrementar las capacidades t\u00e9cnicas y sociales de las comunidades rurales pobres, para gestionar e implementar iniciativas de desarrollo local que resuelvan situaciones de pobreza, a partir del apoyo de recursos profesionales j\u00f3venes.<\/p>\n<p style=\"text-align: justify;\">Destacar que en nuestra comuna es primera vez que se lleva a cabo este programa, el cu\u00e1l se desarrollar\u00e1 durante dos a\u00f1os, adem\u00e1s cuenta con la participaci\u00f3n de cinco j\u00f3venes profesionales, como los son Marcelo Figueroa; Arquitecto, Sim\u00f3n Cienfuegos; Kinesi\u00f3logo, Sebastian Vidal; Ingeniero en Construcci\u00f3n, Pamela Arru\u00e9; psic\u00f3loga y Carolina Contreras; Nutricionista.<\/p>\n<p style=\"text-align: justify;\">Pamela Arrue, se\u00f1alo al Equipo del Portal Yungayino.cl, que el programa se inicio en marzo en nuestra comuna con tres intervenciones, salud, vivienda y educaci\u00f3n, y que en esta ceremonia se mostrar\u00e1 el trabajo realizado hasta el momento y tambi\u00e9n lo que realizar\u00e1n en el futuro.<\/p>\n<p style=\"text-align: justify;\">Por su parte la profesional Nutricionista, Carolina Contreras se\u00f1alo que el programa ha tenido muy buena acogida por parte de la gente tanto en el \u00e1mbito de h\u00e1bitat como salud, d\u00f3nde en este \u00faltimo est\u00e1n trabajando con adultos mayores, tambi\u00e9n agradeci\u00f3 el apoyo dado por los diferentes funcionarios de los departamentos de la municipalidad.<\/p>\n<p style=\"text-align: justify;\">Finalmente se\u00f1alar que la ceremonia estuvo encabezada por la Directora Regional, Ver\u00f3nica Yuretic, concejales e invitados especiales.<\/p>\n<p style=\"text-align: justify;\">[su_button url=\u00bbhttps:\/\/www.facebook.com\/media\/set\/?set=a.1110191928995845.1073742535.159561284058919&amp;type=1&#8243; target=\u00bbblank\u00bb size=\u00bb7&#8243; radius=\u00bbround\u00bb icon=\u00bbicon: camera-retro\u00bb]Fotograf\u00edas &#8211; Programa \u201cServicio Pa\u00eds\u201d Realiza Ceremonia de Lanzamiento en Yungay[\/su_button]<\/p>\n","protected":false},"excerpt":{"rendered":"<p>Yungay, en el auditorio de la Biblioteca P\u00fablica se llevo a cabo el pasado viernes 17 de julio la Ceremonia de Lanzamiento en Yungay del Programa \u201cServicio Pa\u00eds\u201d. Se\u00f1alar que Servicio Pa\u00eds es un&#46;&#46;&#46;<\/p>\n","protected":false},"author":2,"featured_media":13211,"comment_status":"open","ping_status":"open","sticky":false,"template":"","format":"standard","meta":{"footnotes":""},"categories":[1],"tags":[1115,1100,8,6],"class_list":["post-13214","post","type-post","status-publish","format-standard","has-post-thumbnail","hentry","category-noticias","tag-noticias","tag-servicio-pais","tag-yungay","tag-yungayino"],"_links":{"self":[{"href":"https:\/\/www.yungayino.cl\/noticias\/index.php?rest_route=\/wp\/v2\/posts\/13214","targetHints":{"allow":["GET"]}}],"collection":[{"href":"https:\/\/www.yungayino.cl\/noticias\/index.php?rest_route=\/wp\/v2\/posts"}],"about":[{"href":"https:\/\/www.yungayino.cl\/noticias\/index.php?rest_route=\/wp\/v2\/types\/post"}],"author":[{"embeddable":true,"href":"https:\/\/www.yungayino.cl\/noticias\/index.php?rest_route=\/wp\/v2\/users\/2"}],"replies":[{"embeddable":true,"href":"https:\/\/www.yungayino.cl\/noticias\/index.php?rest_route=%2Fwp%2Fv2%2Fcomments&post=13214"}],"version-history":[{"count":2,"href":"https:\/\/www.yungayino.cl\/noticias\/index.php?rest_route=\/wp\/v2\/posts\/13214\/revisions"}],"predecessor-version":[{"id":13216,"href":"https:\/\/www.yungayino.cl\/noticias\/index.php?rest_route=\/wp\/v2\/posts\/13214\/revisions\/13216"}],"wp:featuredmedia":[{"embeddable":true,"href":"https:\/\/www.yungayino.cl\/noticias\/index.php?rest_route=\/wp\/v2\/media\/13211"}],"wp:attachment":[{"href":"https:\/\/www.yungayino.cl\/noticias\/index.php?rest_route=%2Fwp%2Fv2%2Fmedia&parent=13214"}],"wp:term":[{"taxonomy":"category","embeddable":true,"href":"https:\/\/www.yungayino.cl\/noticias\/index.php?rest_route=%2Fwp%2Fv2%2Fcategories&post=13214"},{"taxonomy":"post_tag","embeddable":true,"href":"https:\/\/www.yungayino.cl\/noticias\/index.php?rest_route=%2Fwp%2Fv2%2Ftags&post=13214"}],"curies":[{"name":"wp","href":"https:\/\/api.w.org\/{rel}","templated":true}]}}