{"id":13225,"date":"2015-07-24T21:09:27","date_gmt":"2015-07-25T00:09:27","guid":{"rendered":"http:\/\/www.yungayino.cl\/noticias\/?p=13225"},"modified":"2015-07-24T21:09:27","modified_gmt":"2015-07-25T00:09:27","slug":"biblioteca-publica-de-yungay-realizo-ceremonia-de-termino-de-vacaciones-de-invierno","status":"publish","type":"post","link":"https:\/\/www.yungayino.cl\/noticias\/?p=13225","title":{"rendered":"Biblioteca P\u00fablica de Yungay Realiz\u00f3 Ceremonia de \u201cTermino de Vacaciones de Invierno\u201d"},"content":{"rendered":"<p style=\"text-align: justify;\">Yungay, viernes 24 de julio 2015: En el auditorio de la Biblioteca P\u00fablica \u201cOreste Montero\u201d de nuestra comuna se llevo a cabo la ceremonia de \u201cTermino de vacaciones de invierno 2015\u201d.<\/p>\n<p style=\"text-align: justify;\">En la ocasi\u00f3n los ni\u00f1os que participaron de las diferentes actividades desfilaron disfraces confeccionados con materiales reciclables, los cuales fueron creados con ayudas de sus padres.<\/p>\n<p style=\"text-align: justify;\">Paulina \u00c1vila, Jefa de la Biblioteca manifest\u00f3 al Equipo del Portal Yungayino.cl, su satisfacci\u00f3n por la gran participaci\u00f3n que tuvieron en todas las actividades realizadas durante estas vacaciones de invierno por el Equipo de la Biblioteca.<\/p>\n<p style=\"text-align: justify;\">Tambi\u00e9n destaco la participaci\u00f3n de los papitos en los diferentes talleres, quienes participaron ayudando a sus hijos en la construcci\u00f3n de m\u00f3viles, disfraces, pantallas de lanas, etc.<\/p>\n<p style=\"text-align: justify;\">Finalmente Paulina \u00c1vila agradeci\u00f3 el apoyo dado por el Municipio en la realizaci\u00f3n de estas actividades, las cu\u00e1les concluyeron compartiendo un coctel.<\/p>\n<p style=\"text-align: justify;\">[su_button url=\u00bbhttps:\/\/www.facebook.com\/media\/set\/?set=a.1115165855165119.1073742536.159561284058919&amp;type=1&#8243; target=\u00bbblank\u00bb size=\u00bb7&#8243; radius=\u00bbround\u00bb icon=\u00bbicon: camera-retro\u00bb]Fotograf\u00edas &#8211; Biblioteca P\u00fablica de Yungay Realiz\u00f3 Ceremonia de \u201cTermino de Vacaciones de Invierno\u201d[\/su_button]<\/p>\n","protected":false},"excerpt":{"rendered":"<p>Yungay, viernes 24 de julio 2015: En el auditorio de la Biblioteca P\u00fablica \u201cOreste Montero\u201d de nuestra comuna se llevo a cabo la ceremonia de \u201cTermino de vacaciones de invierno 2015\u201d. En la ocasi\u00f3n&#46;&#46;&#46;<\/p>\n","protected":false},"author":2,"featured_media":13226,"comment_status":"open","ping_status":"open","sticky":false,"template":"","format":"standard","meta":{"footnotes":""},"categories":[1],"tags":[],"class_list":["post-13225","post","type-post","status-publish","format-standard","has-post-thumbnail","hentry","category-noticias"],"_links":{"self":[{"href":"https:\/\/www.yungayino.cl\/noticias\/index.php?rest_route=\/wp\/v2\/posts\/13225","targetHints":{"allow":["GET"]}}],"collection":[{"href":"https:\/\/www.yungayino.cl\/noticias\/index.php?rest_route=\/wp\/v2\/posts"}],"about":[{"href":"https:\/\/www.yungayino.cl\/noticias\/index.php?rest_route=\/wp\/v2\/types\/post"}],"author":[{"embeddable":true,"href":"https:\/\/www.yungayino.cl\/noticias\/index.php?rest_route=\/wp\/v2\/users\/2"}],"replies":[{"embeddable":true,"href":"https:\/\/www.yungayino.cl\/noticias\/index.php?rest_route=%2Fwp%2Fv2%2Fcomments&post=13225"}],"version-history":[{"count":2,"href":"https:\/\/www.yungayino.cl\/noticias\/index.php?rest_route=\/wp\/v2\/posts\/13225\/revisions"}],"predecessor-version":[{"id":13228,"href":"https:\/\/www.yungayino.cl\/noticias\/index.php?rest_route=\/wp\/v2\/posts\/13225\/revisions\/13228"}],"wp:featuredmedia":[{"embeddable":true,"href":"https:\/\/www.yungayino.cl\/noticias\/index.php?rest_route=\/wp\/v2\/media\/13226"}],"wp:attachment":[{"href":"https:\/\/www.yungayino.cl\/noticias\/index.php?rest_route=%2Fwp%2Fv2%2Fmedia&parent=13225"}],"wp:term":[{"taxonomy":"category","embeddable":true,"href":"https:\/\/www.yungayino.cl\/noticias\/index.php?rest_route=%2Fwp%2Fv2%2Fcategories&post=13225"},{"taxonomy":"post_tag","embeddable":true,"href":"https:\/\/www.yungayino.cl\/noticias\/index.php?rest_route=%2Fwp%2Fv2%2Ftags&post=13225"}],"curies":[{"name":"wp","href":"https:\/\/api.w.org\/{rel}","templated":true}]}}