{"id":13241,"date":"2015-08-03T21:00:42","date_gmt":"2015-08-04T00:00:42","guid":{"rendered":"http:\/\/www.yungayino.cl\/noticias\/?p=13241"},"modified":"2015-08-03T21:41:29","modified_gmt":"2015-08-04T00:41:29","slug":"biblioteca-de-yungay-invita-a-lo-mejor-de-la-cinematografia-nacional","status":"publish","type":"post","link":"https:\/\/www.yungayino.cl\/noticias\/?p=13241","title":{"rendered":"Biblioteca de Yungay Invita a lo Mejor de la Cinematograf\u00eda Nacional"},"content":{"rendered":"<p><a href=\"http:\/\/www.yungayino.cl\/noticias\/wp-content\/uploads\/2015\/08\/cineteca-nacional.jpg\"><img loading=\"lazy\" decoding=\"async\" class=\"alignnone size-full wp-image-13242\" src=\"http:\/\/www.yungayino.cl\/noticias\/wp-content\/uploads\/2015\/08\/cineteca-nacional.jpg\" alt=\"cineteca nacional\" width=\"700\" height=\"933\" srcset=\"https:\/\/www.yungayino.cl\/noticias\/wp-content\/uploads\/2015\/08\/cineteca-nacional.jpg 700w, https:\/\/www.yungayino.cl\/noticias\/wp-content\/uploads\/2015\/08\/cineteca-nacional-225x300.jpg 225w, https:\/\/www.yungayino.cl\/noticias\/wp-content\/uploads\/2015\/08\/cineteca-nacional-113x150.jpg 113w\" sizes=\"auto, (max-width: 700px) 100vw, 700px\" \/><\/a><\/p>\n<p style=\"text-align: justify;\">Yungay, La biblioteca invita a toda la comunidad y alrededores a ser parte de la exhibici\u00f3n con lo mejor de la cinematograf\u00eda nacional, que ser\u00e1 realizado de forma gratuita los d\u00edas martes y jueves del mes de Agosto a contar de las 19:00 hrs.<\/p>\n<p style=\"text-align: justify;\">Por \u00a0tercer a\u00f1o consecutivo la Cineteca Nacional del Centro Cultural La Moneda pone a disposici\u00f3n de este ciclo de cine\u00a0con lo mejor de la cinematograf\u00eda nacional, a trav\u00e9s del programa Proyecci\u00f3n Nacional 5.<\/p>\n<p style=\"text-align: justify;\">Martes 04 de Agosto: DE JUEVES A DOMINGO\/ Ficci\u00f3n, 2012, 94 min.\/ Direcci\u00f3n de Dominga Sotomayor. Todo comienza un jueves cuando Luc\u00eda (10) y Manuel (7) viajan junto a sus padres por un fin de semana largo hacia el norte de Chile.\u00a0La pareja ha decidido separarse, pero ya ten\u00eda planeado hacer este viaje con sus ni\u00f1os, as\u00ed que deciden hacerlo de todas formas. Todo termina un domingo.\u00a0Es la visi\u00f3n distante y fragmentada de los ni\u00f1os, de este posible \u00faltimo viaje familiar.<\/p>\n<p style=\"text-align: justify;\">Jueves 06 de Agosto: CARNE DE PERRO\/ Ficci\u00f3n, 2012, 83 min.\/ Direcci\u00f3n de Fernando Guzzoni. Carne de perro aborda un complejo momento en la vida de Alejandro, un hombre solitario e impredecible que carga con la hostilidad de un pasado oscuro.\u00a0Vemos a un hombre en busca de una nueva identidad que se extrav\u00eda entre sus fantasmas y fijaciones.\u00a0Es la historia de un sujeto que ha comenzado a desintegrarse peligrosamente y que ha subvertido su mirada actual de la realidad.\u00a0Carne de perro es la historia actual, en pleno a\u00f1o 2012, de un ex torturador que intenta reinterpretar su vida y darle un nuevo norte a su existencia.<\/p>\n<p style=\"text-align: justify;\"><!--more--><\/p>\n<p style=\"text-align: justify;\">Martes 11 de Agosto: EL FUTURO\/\u00a0Ficci\u00f3n, 2013, 94 min.\/ Direcci\u00f3n de Alicia Sherson. Cuando ocurre el accidente Bianca est\u00e1 comenzando a fumar y Tom\u00e1s a\u00fan es virgen.\u00a0Sus padres mueren y ellos se quedan solos; dos hu\u00e9rfanos a la deriva en la periferia de Roma.\u00a0 La vida pierde su forma mientras los hermanos recorren los peligrosos callejones del mundo adulto, hasta que Bianca encuentra a Maciste (un Mr. Universo retirado) y entra en su mansi\u00f3n oscura en busca de un futuro.\u00a0 Basada en Una novelita lumpen, de Roberto Bola\u00f1o.<\/p>\n<p style=\"text-align: justify;\">Jueves 13 de Agosto: GLORIA\/ Ficci\u00f3n, 2013, 110 min.\/ Direcci\u00f3n Sebasti\u00e1n Lelio. Gloria tiene 58 a\u00f1os de edad pero a\u00fan se siente como una mujer joven.\u00a0 Para llenar el vac\u00edo de su vida diaria, por las noches busca el amor en fiestas bailables para adultos solteros, aunque eso s\u00f3lo la conduzca a extraviarse en aventuras sin demasiado sentido.\u00a0 Este fr\u00e1gil equilibrio cambia cuando un d\u00eda conoce a Rodolfo, un hombre de 65 a\u00f1os y reci\u00e9n separado.\u00a0 Tienen una relaci\u00f3n inmediata e intensa a la que Gloria se entrega con todo, sin importar el destino cruel que puede ponerse frente a ella.\u00a0 Gloria deber\u00e1 reordenarse y encontrar una nueva fuerza interna para darse cuenta de que la vida es circular y que tiene muchos comienzos.<\/p>\n<p style=\"text-align: justify;\">Martes 18 de Agosto: TRAPANANDA\/ Documental, 2012, 92 min.\/ Direcci\u00f3n Ignacio Aliaga. Trapananda es el antiguo nombre que ten\u00eda la Patagonia Chilena u occidental.\u00a0 Los espa\u00f1oles de la conquista creyeron ver en ella el territorio donde encontrar la Ciudad de los C\u00e9sares.\u00a0 Desde siempre, fue una regi\u00f3n lejana e inh\u00f3spita para exploradores y colonos que se aventuraron en sus tierras cubiertas de espesa selva y azotadas por fuertes vientos.<\/p>\n<p style=\"text-align: justify;\">Este documental describe, a partir de la m\u00fasica y sus cultores, la historia de la gesta colonizadora (efectuada a partir del siglo XX), la actividad campesina que le da origen, el entorno dado por la belleza de la geograf\u00eda, la crudeza del clima y la significaci\u00f3n de identidad cultural de esta manifestaci\u00f3n.\u00a0 Es un viaje con los m\u00fasicos por el territorio de Ays\u00e9n, una visualizaci\u00f3n de la Trapananda buscada por los personajes y su gente.<\/p>\n<p style=\"text-align: justify;\">Jueves 20 de Agosto: LAS MUJERES DEL PASAJERO\/ Documental, 2012, 45 min.\/ Direcci\u00f3n Patricia Correa y Valentina Mac-Pherson. Documental que reflexiona sobre el amor a trav\u00e9s de 4 mujeres, camareras de un emblem\u00e1tico motel de Santiago, en el cual podemos entrever una radiograf\u00eda de los pasajeros del Mar\u00edn 014.<\/p>\n<p style=\"text-align: justify;\">Martes 25 de Agosto: LOS TESTIGOS\/ Archivo, 1971, 70 minutos\/ Direcci\u00f3n Charles Elsesser. En el barrio popular de Santiago, un grupo de pobladores es burdamente enga\u00f1ado por tres loteadores brujos que les han prometido terrenos para levantar sus mejoras.\u00a0 Tramitan las escrituras mientras los pobres vecinos pagan sus cuotas.\u00a0 Uno de los pobladores exige una definici\u00f3n, y en una ri\u00f1a es asesinado.\u00a0 La polic\u00eda pide a los vecinos que concurran ante un juez para servir de testigos del hecho, pero todos eluden la responsabilidad.<\/p>\n<p style=\"text-align: justify;\">Jueves 27 de Agosto: MART\u00cdN FIERRO\/ Animaci\u00f3n, 2007, 87 min.\/ Direcci\u00f3n de Norman Ruiz y Liliana Romero. Mart\u00edn Fierro es una pel\u00edcula de animaci\u00f3n de acci\u00f3n y aventuras basada en \u201cEl Gaucho Mart\u00edn Fierro\u201d, de Jos\u00e9 Hern\u00e1ndez, una de las obras m\u00e1s importantes de la literatura argentina. Es la historia de un h\u00e9roe tr\u00e1gico, uno de los miles de gauchos que fueron reclutados para pelear contra el indio en la frontera argentina de la Patagonia en la segunda mitad del siglo XIX.<\/p>\n","protected":false},"excerpt":{"rendered":"<p>Yungay, La biblioteca invita a toda la comunidad y alrededores a ser parte de la exhibici\u00f3n con lo mejor de la cinematograf\u00eda nacional, que ser\u00e1 realizado de forma gratuita los d\u00edas martes y jueves&#46;&#46;&#46;<\/p>\n","protected":false},"author":2,"featured_media":13242,"comment_status":"open","ping_status":"open","sticky":false,"template":"","format":"standard","meta":{"footnotes":""},"categories":[3,5,1],"tags":[923,1115,8,6],"class_list":["post-13241","post","type-post","status-publish","format-standard","has-post-thumbnail","hentry","category-actualidad","category-eventos","category-noticias","tag-biblioteca-de-yungay","tag-noticias","tag-yungay","tag-yungayino"],"_links":{"self":[{"href":"https:\/\/www.yungayino.cl\/noticias\/index.php?rest_route=\/wp\/v2\/posts\/13241","targetHints":{"allow":["GET"]}}],"collection":[{"href":"https:\/\/www.yungayino.cl\/noticias\/index.php?rest_route=\/wp\/v2\/posts"}],"about":[{"href":"https:\/\/www.yungayino.cl\/noticias\/index.php?rest_route=\/wp\/v2\/types\/post"}],"author":[{"embeddable":true,"href":"https:\/\/www.yungayino.cl\/noticias\/index.php?rest_route=\/wp\/v2\/users\/2"}],"replies":[{"embeddable":true,"href":"https:\/\/www.yungayino.cl\/noticias\/index.php?rest_route=%2Fwp%2Fv2%2Fcomments&post=13241"}],"version-history":[{"count":3,"href":"https:\/\/www.yungayino.cl\/noticias\/index.php?rest_route=\/wp\/v2\/posts\/13241\/revisions"}],"predecessor-version":[{"id":13245,"href":"https:\/\/www.yungayino.cl\/noticias\/index.php?rest_route=\/wp\/v2\/posts\/13241\/revisions\/13245"}],"wp:featuredmedia":[{"embeddable":true,"href":"https:\/\/www.yungayino.cl\/noticias\/index.php?rest_route=\/wp\/v2\/media\/13242"}],"wp:attachment":[{"href":"https:\/\/www.yungayino.cl\/noticias\/index.php?rest_route=%2Fwp%2Fv2%2Fmedia&parent=13241"}],"wp:term":[{"taxonomy":"category","embeddable":true,"href":"https:\/\/www.yungayino.cl\/noticias\/index.php?rest_route=%2Fwp%2Fv2%2Fcategories&post=13241"},{"taxonomy":"post_tag","embeddable":true,"href":"https:\/\/www.yungayino.cl\/noticias\/index.php?rest_route=%2Fwp%2Fv2%2Ftags&post=13241"}],"curies":[{"name":"wp","href":"https:\/\/api.w.org\/{rel}","templated":true}]}}