{"id":13284,"date":"2015-08-11T22:00:35","date_gmt":"2015-08-12T01:00:35","guid":{"rendered":"http:\/\/www.yungayino.cl\/noticias\/?p=13284"},"modified":"2015-08-11T23:07:55","modified_gmt":"2015-08-12T02:07:55","slug":"programa-chile-crece-contigo-celebro-el-dia-del-nino-en-yungay-2","status":"publish","type":"post","link":"https:\/\/www.yungayino.cl\/noticias\/?p=13284","title":{"rendered":"Programa \u201cChile Crece Contigo\u201d Celebr\u00f3 el D\u00eda del Ni\u00f1o en Yungay"},"content":{"rendered":"<p style=\"text-align: justify;\">Yungay, lunes 10 de agosto 2015: En el sal\u00f3n de sala de reuniones del Hospital Comunitario de Salud Familiar Pedro Morales Campos de nuestra comuna se llevo a cabo la celebraci\u00f3n \u201cD\u00eda del Ni\u00f1o\u201d del Programa <strong>\u201cChile Crece Contigo<\/strong>\u201d, programa que entrega a los ni\u00f1os y ni\u00f1as hasta los 4 a\u00f1os un\u00a0acceso expedito\u00a0a cada uno de los servicios y prestaciones que atiendan sus necesidades, y que los apoyan en su desarrollo en cada una de las etapas de su crecimiento.<\/p>\n<p style=\"text-align: justify;\">Adicionalmente, apoya a las familias y a las comunidades donde \u00e9stos crecen y se desarrollan, de forma que existan las condiciones adecuadas para generar un entorno amigable, inclusivo y acogedor, as\u00ed lo manifest\u00f3 Miguel Badilla, en representaci\u00f3n del municipio al Equipo del Portal Yungayino.cl.<\/p>\n<p style=\"text-align: justify;\">Se\u00f1alar que la actividad fue organizada por el Equipo Comunal de la Red B\u00e1sica del Programa Chile Crece Contigo, integrado por el Hospital Comunitario de Salud Familiar Pedro Morales Campos de Yungay, el Consultorio Rural de Campanario, el Departamento de Salud Municipal, la Oficina de Protecci\u00f3n de Derechos de la Infancia y Adolescencia, \u201cOPD Laja Diguill\u00edn\u201d entre otras.<\/p>\n<p style=\"text-align: justify;\">Los ni\u00f1os(as) que asistieron pudieron disfrutar junto a sus padres de un grato momento de alegr\u00eda participando de los concursos, juegos inflables y compartir una rica torta, dulces, bebidas, sorpresas, adem\u00e1s de una buena m\u00fasica, caritas pintadas, globos y regalos todo preparado especialmente para ellos.<\/p>\n<p style=\"text-align: justify;\">Finalmente por su parte el Director del Hospital Osvaldo Acevedo Gutierrez, se\u00f1alo tambi\u00e9n que como hospital est\u00e1n muy contentos de participar en esta actividad acogiendo a los ni\u00f1os, y darles a conocer lo importantes que son en nuestra vida.<\/p>\n<p style=\"text-align: justify;\">[su_button url=\u00bbhttps:\/\/www.facebook.com\/media\/set\/?set=a.1125894177425620.1073742546.159561284058919&amp;type=1&#8243; target=\u00bbblank\u00bb size=\u00bb7&#8243; radius=\u00bbround\u00bb icon=\u00bbicon: camera-retro\u00bb]Fotograf\u00edas &#8211; Programa \u201cChile Crece Contigo\u201d Celebr\u00f3 el D\u00eda del Ni\u00f1o en Yungay[\/su_button]<\/p>\n","protected":false},"excerpt":{"rendered":"<p>Yungay, lunes 10 de agosto 2015: En el sal\u00f3n de sala de reuniones del Hospital Comunitario de Salud Familiar Pedro Morales Campos de nuestra comuna se llevo a cabo la celebraci\u00f3n \u201cD\u00eda del Ni\u00f1o\u201d&#46;&#46;&#46;<\/p>\n","protected":false},"author":2,"featured_media":13285,"comment_status":"open","ping_status":"open","sticky":false,"template":"","format":"standard","meta":{"footnotes":""},"categories":[1],"tags":[489,230,1115,8,6],"class_list":["post-13284","post","type-post","status-publish","format-standard","has-post-thumbnail","hentry","category-noticias","tag-chile-crece-contigo","tag-dia-del-nino","tag-noticias","tag-yungay","tag-yungayino"],"_links":{"self":[{"href":"https:\/\/www.yungayino.cl\/noticias\/index.php?rest_route=\/wp\/v2\/posts\/13284","targetHints":{"allow":["GET"]}}],"collection":[{"href":"https:\/\/www.yungayino.cl\/noticias\/index.php?rest_route=\/wp\/v2\/posts"}],"about":[{"href":"https:\/\/www.yungayino.cl\/noticias\/index.php?rest_route=\/wp\/v2\/types\/post"}],"author":[{"embeddable":true,"href":"https:\/\/www.yungayino.cl\/noticias\/index.php?rest_route=\/wp\/v2\/users\/2"}],"replies":[{"embeddable":true,"href":"https:\/\/www.yungayino.cl\/noticias\/index.php?rest_route=%2Fwp%2Fv2%2Fcomments&post=13284"}],"version-history":[{"count":3,"href":"https:\/\/www.yungayino.cl\/noticias\/index.php?rest_route=\/wp\/v2\/posts\/13284\/revisions"}],"predecessor-version":[{"id":13289,"href":"https:\/\/www.yungayino.cl\/noticias\/index.php?rest_route=\/wp\/v2\/posts\/13284\/revisions\/13289"}],"wp:featuredmedia":[{"embeddable":true,"href":"https:\/\/www.yungayino.cl\/noticias\/index.php?rest_route=\/wp\/v2\/media\/13285"}],"wp:attachment":[{"href":"https:\/\/www.yungayino.cl\/noticias\/index.php?rest_route=%2Fwp%2Fv2%2Fmedia&parent=13284"}],"wp:term":[{"taxonomy":"category","embeddable":true,"href":"https:\/\/www.yungayino.cl\/noticias\/index.php?rest_route=%2Fwp%2Fv2%2Fcategories&post=13284"},{"taxonomy":"post_tag","embeddable":true,"href":"https:\/\/www.yungayino.cl\/noticias\/index.php?rest_route=%2Fwp%2Fv2%2Ftags&post=13284"}],"curies":[{"name":"wp","href":"https:\/\/api.w.org\/{rel}","templated":true}]}}