{"id":13290,"date":"2015-08-12T18:00:27","date_gmt":"2015-08-12T21:00:27","guid":{"rendered":"http:\/\/www.yungayino.cl\/noticias\/?p=13290"},"modified":"2015-08-12T19:02:16","modified_gmt":"2015-08-12T22:02:16","slug":"carabineros-de-la-cuarta-comisaria-de-yungay-lanza-campana-sectores-rurales-protegidos","status":"publish","type":"post","link":"https:\/\/www.yungayino.cl\/noticias\/?p=13290","title":{"rendered":"Carabineros de la Cuarta Comisar\u00eda de Yungay Lanza Campa\u00f1a \u201cSectores Rurales Protegidos\u201d"},"content":{"rendered":"<p style=\"text-align: justify;\">Yungay, mi\u00e9rcoles 12 de agosto 2015: En el Auditorio de la Biblioteca P\u00fablica Oreste Montero, Carabineros de la Cuarta Comisar\u00eda de nuestra comuna realiz\u00f3 la Ceremonia de Lanzamiento de la Campa\u00f1a <strong>\u201cSector Protegido: Vigilancia Rural Yungay\u201d<\/strong>, la cual cuenta con el apoyo de la Ilustre Municipalidad de Yungay y la Empresa El\u00e9ctrica Puntilla.<\/p>\n<p style=\"text-align: justify;\">La ceremonia fue conducida por el Suboficial de Carabineros y Encargado de Asuntos Comunitarios de la Cuarta Comisar\u00eda de Yungay Sr. Juan Carlos Espinoza Jara y cont\u00f3 con la asistencia del alcalde Pedro Inostroza Valenzuela, el Jefe de Operaciones de la Octava Zona B\u00edob\u00edo, Coronel Don Rodolfo Carvallo Garin, el Prefecto Subrogante de la Prefectura \u00d1uble N\u00b0 17 Teniente Coronel Don Benjamin Piva Vald\u00e9s, el Mayor de Carabineros de la Cuarta Comisar\u00eda de Yungay Darwin Illanes Aguilera, el Jefe de la Oficina SAG Bulnes, M\u00e9dico Veterinario Don Jaime Miz\u00f3n, Concejales, Invitados especiales, Agricultores y Vecinos de los diferentes sectores rurales de la comuna.<\/p>\n<p style=\"text-align: justify;\">En la ocasi\u00f3n el Mayor Darwin Illanes Aguilera dio a conocer la importancia de esta campa\u00f1a y destac\u00f3 lo organizados que est\u00e1n los vecinos de nuestra comuna de los sectores rurales quienes se constituyeron y han formado las Juntas de Vigilancias Rurales, que tienen como objetivo evitar por medio de acciones preventivas y con la coordinaci\u00f3n de Carabineros el combate del alcoholismo, drogadicci\u00f3n, abigeato e impulsar el desarrollo de las comunidades de los sectores rurales m\u00e1s apartados.<\/p>\n<p style=\"text-align: justify;\">El Coronel Rodolfo Carvallo Garin, se\u00f1alo al Equipo del Portal Yungayino.cl en primer lugar sus felicitaciones por la importante iniciativa por parte de la Municipalidad de Yungay, por la alianza estrat\u00e9gica con Carabineros de Chile y la Empresa Privada como El\u00e9ctrica Puntilla, tambi\u00e9n le se\u00f1alo al Edil de la comuna la macrovisi\u00f3n institucional no solamente del Plan Cuadrante, que como herramienta muy \u00fatil permite como metodolog\u00eda important\u00edsima que permite hacer prevenci\u00f3n del delito y que permite hacer una persecuci\u00f3n efectiva y eficiente, sin embargo en aquellos lugares m\u00e1s apartados donde efectivamente est\u00e1 la ruralidad y donde est\u00e1 una parte importante de nuestra gente, de nuestro pueblo, donde se puede apreciar en Yungay se necesitaba implementar estrategias nuevas, es as\u00ed que desde el nivel central y el Departamento de Asuntos Comunitarios atrav\u00e9s de las patrullas de acciones comunitarias se integran y crean esta alianza estrat\u00e9gica que permiten hacer una prevenci\u00f3n efectiva, que educan a la comunidad rural en la prevenci\u00f3n del delito y que mejoran la relaci\u00f3n Carabineros con la comunidad, finalmente indic\u00f3 que esta campa\u00f1a permitir\u00e1 acercarse m\u00e1s al mundo rural y hacer una muy buena prevenci\u00f3n y si la prevenci\u00f3n no es posible hacer una muy buena persecuci\u00f3n penal.<\/p>\n<p style=\"text-align: justify;\"><!--more--><\/p>\n<p style=\"text-align: justify;\">\n<p style=\"text-align: justify;\">El alcalde Pedro Inostroza Valenzuela manifest\u00f3 como una muy buena e important\u00edsima esta campa\u00f1a, donde reconoci\u00f3 que Carabineros fue qui\u00e9n tom\u00f3 esta iniciativa y donde el municipio est\u00e1 prestando todo su apoyo junto a la Empresa El\u00e9ctrica Puntilla, campa\u00f1a que permitir\u00e1 ir en ayuda de los vecinos de los sectores rurales para combatir los robos y por sobre todo el abigeato, el cual a afectado a muchos de nuestro vecinos, el edil tambi\u00e9n destac\u00f3 que este es el inicio de esta campa\u00f1a y se\u00f1alo que el municipio esta postulando a un proyecto para el futuro que permitir\u00e1 pedir fondos al Gobierno Regional para obtener $40 millones y poder equipar a los vecinos con radios de comunicaci\u00f3n. Finalmente hizo un llamado a las diferentes juntas de vecinos a participar y organizar m\u00e1s Junta de Vigilancias Rurales.<\/p>\n<p style=\"text-align: justify;\">Jorge Advis Neira, Gerente de Proyectos de El\u00e9ctrica Puntilla, se\u00f1alo que esta campa\u00f1a es una iniciativa muy importante y destacable para ir en ayuda de los vecinos de los sectores rurales y que como empresa vecina que se est\u00e1 instalando en la comuna no pod\u00edan estar ajeno para colaborar y mantener su compromiso de apoyo a la comunidad rural, por lo tanto se sumaron a la solicitud de colaboraci\u00f3n que Carabineros les hizo en conjunto con el municipio.<\/p>\n<p style=\"text-align: justify;\">Destacar que durante la ceremonia se hicieron entrega de manera simb\u00f3lica las l\u00e1minas alusivas a esta campa\u00f1a a algunos vecinos que ser\u00e1n puestas en las casas y por otro lado el Coronel Rodolfo Carvallo Garin entrego al alcalde Pedro Inostroza la l\u00e1mina alusiva a la campa\u00f1a de seguridad las que ser\u00e1n fijadas \u201cSectores Rurales Seguros\u201d en los distintos sectores rurales de nuestra comuna.<\/p>\n<p style=\"text-align: justify;\">Finalmente Personal del SAG de la Oficina de Bulnes realizo una capacitaci\u00f3n relacionada con la \u201cTrazabilidad animal\u201d y el \u201cabigeato\u201d a las Juntas de Vigilancias Rurales, adem\u00e1s de los peque\u00f1os y medianos empresarios ganaderos presentes. Tambi\u00e9n en la ocasi\u00f3n se procedi\u00f3 a inscribir a aquellos agricultores que a\u00fan no ten\u00edan su Rol \u00danico Pecuario, antecedente fundamental para realizar movimientos de animales, tr\u00e1mite que les permitir\u00e1 a los inscritos poder solicitar en cualquier oficina del SAG o Carabineros\u00a0el <strong>\u201cFormulario de Movimiento Animal\u201d.<\/strong><\/p>\n<p style=\"text-align: justify;\"><strong>\u00a0<\/strong><\/p>\n<p style=\"text-align: justify;\"><strong>[su_button url=\u00bbhttps:\/\/www.facebook.com\/media\/set\/?set=a.1126687014013003.1073742547.159561284058919&amp;type=1&#8243; target=\u00bbblank\u00bb size=\u00bb7&#8243; radius=\u00bbround\u00bb icon=\u00bbicon: camera-retro\u00bb]Fotograf\u00edas &#8211; Carabineros de la Cuarta Comisar\u00eda de Yungay Lanza Campa\u00f1a \u201cSectores Rurales Protegidos\u201d[\/su_button]<\/strong><\/p>\n","protected":false},"excerpt":{"rendered":"<p>Yungay, mi\u00e9rcoles 12 de agosto 2015: En el Auditorio de la Biblioteca P\u00fablica Oreste Montero, Carabineros de la Cuarta Comisar\u00eda de nuestra comuna realiz\u00f3 la Ceremonia de Lanzamiento de la Campa\u00f1a \u201cSector Protegido: Vigilancia&#46;&#46;&#46;<\/p>\n","protected":false},"author":2,"featured_media":13291,"comment_status":"open","ping_status":"open","sticky":false,"template":"","format":"standard","meta":{"footnotes":""},"categories":[3,1,32],"tags":[25,1115,1107,8,6],"class_list":["post-13290","post","type-post","status-publish","format-standard","has-post-thumbnail","hentry","category-actualidad","category-noticias","category-servicios","tag-carabineros","tag-noticias","tag-sectores-rurales-protegidos","tag-yungay","tag-yungayino"],"_links":{"self":[{"href":"https:\/\/www.yungayino.cl\/noticias\/index.php?rest_route=\/wp\/v2\/posts\/13290","targetHints":{"allow":["GET"]}}],"collection":[{"href":"https:\/\/www.yungayino.cl\/noticias\/index.php?rest_route=\/wp\/v2\/posts"}],"about":[{"href":"https:\/\/www.yungayino.cl\/noticias\/index.php?rest_route=\/wp\/v2\/types\/post"}],"author":[{"embeddable":true,"href":"https:\/\/www.yungayino.cl\/noticias\/index.php?rest_route=\/wp\/v2\/users\/2"}],"replies":[{"embeddable":true,"href":"https:\/\/www.yungayino.cl\/noticias\/index.php?rest_route=%2Fwp%2Fv2%2Fcomments&post=13290"}],"version-history":[{"count":4,"href":"https:\/\/www.yungayino.cl\/noticias\/index.php?rest_route=\/wp\/v2\/posts\/13290\/revisions"}],"predecessor-version":[{"id":13294,"href":"https:\/\/www.yungayino.cl\/noticias\/index.php?rest_route=\/wp\/v2\/posts\/13290\/revisions\/13294"}],"wp:featuredmedia":[{"embeddable":true,"href":"https:\/\/www.yungayino.cl\/noticias\/index.php?rest_route=\/wp\/v2\/media\/13291"}],"wp:attachment":[{"href":"https:\/\/www.yungayino.cl\/noticias\/index.php?rest_route=%2Fwp%2Fv2%2Fmedia&parent=13290"}],"wp:term":[{"taxonomy":"category","embeddable":true,"href":"https:\/\/www.yungayino.cl\/noticias\/index.php?rest_route=%2Fwp%2Fv2%2Fcategories&post=13290"},{"taxonomy":"post_tag","embeddable":true,"href":"https:\/\/www.yungayino.cl\/noticias\/index.php?rest_route=%2Fwp%2Fv2%2Ftags&post=13290"}],"curies":[{"name":"wp","href":"https:\/\/api.w.org\/{rel}","templated":true}]}}