{"id":13298,"date":"2015-08-13T11:00:00","date_gmt":"2015-08-13T14:00:00","guid":{"rendered":"http:\/\/www.yungayino.cl\/noticias\/?p=13298"},"modified":"2015-08-13T13:36:07","modified_gmt":"2015-08-13T16:36:07","slug":"patio-de-colegio-nueva-esperanza-en-yungay-es-techado-gracias-a-fondos-concursables-de-arauco","status":"publish","type":"post","link":"https:\/\/www.yungayino.cl\/noticias\/?p=13298","title":{"rendered":"Patio de Colegio Nueva Esperanza en Yungay es techado gracias a Fondos Concursables de ARAUCO"},"content":{"rendered":"<p style=\"text-align: justify;\">Cerca de 194 ni\u00f1os de Leguaje y Pre B\u00e1sica se ver\u00e1n beneficiados gracias a la implementaci\u00f3n de un Techo en el Patio del Colegio Nueva Esperanza, de Yungay, tras la adjudicaci\u00f3n del proyecto \u201cUn Techo para la Esperanza\u201d presentado a los Fondos Concursables 2014 por trabajadores de Planta Paneles y Molduras Trup\u00e1n Cholgu\u00e1n.<\/p>\n<p style=\"text-align: justify;\">La iniciativa consisti\u00f3 en un techo de Policarbonato con estructura met\u00e1lica que cubre la mitad del patio de pre b\u00e1sica del establecimiento, que permitir\u00e1 dar un mayor espacio de juego a los chicos.<\/p>\n<p style=\"text-align: justify;\">Seg\u00fan coment\u00f3 Sandra Correa, Directora del establecimiento, esta idea era una meta que ten\u00edan hace muchos a\u00f1os y un compromiso que hab\u00edan adquirido con los apoderados del colegio. \u201cComo el colegio est\u00e1 creciendo hacia ense\u00f1anza media, la implementaci\u00f3n del techo no habr\u00eda sido posible, por lo menos ahora, sin el apoyo de los trabajadores que impulsaron esta idea a los Fondos Concursables\u201d, asegur\u00f3.<\/p>\n<p style=\"text-align: justify;\">La directora explic\u00f3 que \u201cera algo que necesit\u00e1bamos, pues los ni\u00f1os estaban expuestos al sol y en el invierno a las lluvias, y cuando eso pasaba no pod\u00edan salir a disfrutar sus tiempos libres con sus compa\u00f1eros\u201d. Agreg\u00f3 que \u201cel techo quedo hermoso y los peque\u00f1os se han podido divertir bastante\u201d.<\/p>\n<p style=\"text-align: justify;\">Correa finaliz\u00f3 agradeciendo a la Compa\u00f1\u00eda por crear estas iniciativas que sin duda son un gran apoyo para todos, especialmente en temas de educaci\u00f3n. \u201cEs espectacular que una empresa privada se preocupe por las comunidades aleda\u00f1as a sus plantas y que le den la oportunidad a sus trabajadores de participar presentado soluciones a distintas necesidades\u201d, concluy\u00f3<\/p>\n<p style=\"text-align: justify;\">[su_button url=\u00bbhttps:\/\/www.facebook.com\/media\/set\/?set=a.1127101977304840.1073742548.159561284058919&amp;type=1&#8243; target=\u00bbblank\u00bb size=\u00bb7&#8243; radius=\u00bbround\u00bb icon=\u00bbicon: camera-retro\u00bb]Fotograf\u00edas &#8211; Patio de Colegio Nueva Esperanza en Yungay es techado gracias a Fondos Concursables de ARAUCO[\/su_button]<\/p>\n","protected":false},"excerpt":{"rendered":"<p>Cerca de 194 ni\u00f1os de Leguaje y Pre B\u00e1sica se ver\u00e1n beneficiados gracias a la implementaci\u00f3n de un Techo en el Patio del Colegio Nueva Esperanza, de Yungay, tras la adjudicaci\u00f3n del proyecto \u201cUn&#46;&#46;&#46;<\/p>\n","protected":false},"author":2,"featured_media":13299,"comment_status":"open","ping_status":"open","sticky":false,"template":"","format":"standard","meta":{"footnotes":""},"categories":[1],"tags":[320,1115,250,8,6],"class_list":["post-13298","post","type-post","status-publish","format-standard","has-post-thumbnail","hentry","category-noticias","tag-colegio-nueva-esperanza","tag-noticias","tag-paneles-arauco","tag-yungay","tag-yungayino"],"_links":{"self":[{"href":"https:\/\/www.yungayino.cl\/noticias\/index.php?rest_route=\/wp\/v2\/posts\/13298","targetHints":{"allow":["GET"]}}],"collection":[{"href":"https:\/\/www.yungayino.cl\/noticias\/index.php?rest_route=\/wp\/v2\/posts"}],"about":[{"href":"https:\/\/www.yungayino.cl\/noticias\/index.php?rest_route=\/wp\/v2\/types\/post"}],"author":[{"embeddable":true,"href":"https:\/\/www.yungayino.cl\/noticias\/index.php?rest_route=\/wp\/v2\/users\/2"}],"replies":[{"embeddable":true,"href":"https:\/\/www.yungayino.cl\/noticias\/index.php?rest_route=%2Fwp%2Fv2%2Fcomments&post=13298"}],"version-history":[{"count":2,"href":"https:\/\/www.yungayino.cl\/noticias\/index.php?rest_route=\/wp\/v2\/posts\/13298\/revisions"}],"predecessor-version":[{"id":13301,"href":"https:\/\/www.yungayino.cl\/noticias\/index.php?rest_route=\/wp\/v2\/posts\/13298\/revisions\/13301"}],"wp:featuredmedia":[{"embeddable":true,"href":"https:\/\/www.yungayino.cl\/noticias\/index.php?rest_route=\/wp\/v2\/media\/13299"}],"wp:attachment":[{"href":"https:\/\/www.yungayino.cl\/noticias\/index.php?rest_route=%2Fwp%2Fv2%2Fmedia&parent=13298"}],"wp:term":[{"taxonomy":"category","embeddable":true,"href":"https:\/\/www.yungayino.cl\/noticias\/index.php?rest_route=%2Fwp%2Fv2%2Fcategories&post=13298"},{"taxonomy":"post_tag","embeddable":true,"href":"https:\/\/www.yungayino.cl\/noticias\/index.php?rest_route=%2Fwp%2Fv2%2Ftags&post=13298"}],"curies":[{"name":"wp","href":"https:\/\/api.w.org\/{rel}","templated":true}]}}