{"id":13324,"date":"2015-08-18T18:00:01","date_gmt":"2015-08-18T21:00:01","guid":{"rendered":"http:\/\/www.yungayino.cl\/noticias\/?p=13324"},"modified":"2015-08-18T22:39:26","modified_gmt":"2015-08-19T01:39:26","slug":"realizan-asesoria-ministerial-para-establecimientos-en-red-y-microcentro-en-yungay","status":"publish","type":"post","link":"https:\/\/www.yungayino.cl\/noticias\/?p=13324","title":{"rendered":"Realizan Asesor\u00eda Ministerial Para Establecimientos en Red y Microcentro en Yungay"},"content":{"rendered":"<p style=\"text-align: justify;\">Yungay, martes 18 de agosto 2015: Una muy importante Asesor\u00eda Ministerial para los Establecimientos en Red y Microcentro de Yungay se realizo durante la reciente semana, la cu\u00e1l se llevo cabo en la Sala Kin\u00e9sica del DAEM.<\/p>\n<p style=\"text-align: justify;\">El Ministerio de Educaci\u00f3n especifica, que la calidad de los procesos educativos se desarrolla principalmente, en cada uno de los establecimientos que componen la comuna. Es as\u00ed como, la experiencia acumulada, y las evidencias sobre eficacia y mejora escolar, posicionan a los Sostenedores, Equipos Directivos, docentes y a todos los integrantes de la comunidad escolar, en un lugar indispensable para planificar, dise\u00f1ar e implementar dichos procesos, que en general orientan e intencionan un ciclo de mejoramiento continuo a cuatro a\u00f1os.<\/p>\n<p style=\"text-align: justify;\">En este contexto, es el mismo Ministerio, el que a trav\u00e9s de sus Asesores T\u00e9cnicos Pedag\u00f3gicos (Mario Inostroza, Osvaldo Franco, Berta Hormaz\u00e1bal y Roberto Alarc\u00f3n) dependientes del Departamento Provincial de Educaci\u00f3n, han intencionado e intensificado su propuesta de asesor\u00edas para los Establecimientos que reciben subvenci\u00f3n del Estado.<\/p>\n<p style=\"text-align: justify;\">La comuna de Yungay no ha quedado al margen de esta pol\u00edtica, es por ello que, el Departamento de Educaci\u00f3n Comunal, participa activamente y de forma destacada en la organizaci\u00f3n y ejecuci\u00f3n de estas jornadas de trabajo, comprometiendo a todo su Equipo T\u00e9cnico Pedag\u00f3gico liderados por la Directora Comunal de Educaci\u00f3n Sra. Eugenia L\u00f3pez Hern\u00e1ndez y todos sus establecimientos, en todas sus modalidades de asesor\u00eda:<\/p>\n<p style=\"text-align: justify;\"><strong>1.-Red de Establecimientos<\/strong>, compuesta por la Escuela Fernando Baquedano, Liceo Yungay, Liceo T\u00e9cnico Campanario, Escuela Ranchillos y Escuela Los Mayos por el lado de administraci\u00f3n Municipal. Adem\u00e1s esta red la componen, los Colegios Nueva Esperanza y Cholgu\u00e1n por el lado de los Particulares Subvencionados.<\/p>\n<p style=\"text-align: justify;\"><strong>2.- Red de Establecimientos Rurales (Microcentro Yungay)<\/strong>, compuesta por las Escuelas San Miguel de Itata, El Roble, El Avellano, Laureles, Santa Irma, Pallahuala, San Luis, Puquios, Pangal del Laja, todos de administraci\u00f3n Municipal.<\/p>\n<p style=\"text-align: justify;\">Las tem\u00e1ticas generales de estas asesor\u00edas, se relacionan principalmente con los Planes de Mejoramiento Educativo, Instrumento muy importante por \u00e9stos d\u00edas, debido a que, articula y operacionaliza los procesos de mejora que la comunidad quiere desarrollar. Es el propio Ministerio de Educaci\u00f3n qui\u00e9n posiciona a los PME, como <strong>\u201c<em>piedra angular del sistema de aseguramiento de la calidad e instrumento clave para proyectar y consolidar los procesos e iniciativas de mejora que cada comunidad escolar define, con el objeto de entregar a sus estudiantes las mejores oportunidades para acceder a una educaci\u00f3n de calidad integral\u201d.<\/em><\/strong><\/p>\n<p style=\"text-align: justify;\">[su_button url=\u00bbhttps:\/\/www.facebook.com\/media\/set\/?set=a.1129837353697969.1073742554.159561284058919&amp;type=1&#8243; target=\u00bbblank\u00bb size=\u00bb7&#8243; radius=\u00bbround\u00bb icon=\u00bbicon: camera-retro\u00bb]Fotograf\u00edas &#8211; Realizan Asesor\u00eda Ministerial Para Establecimientos en Red y Microcentro en Yungay[\/su_button]<\/p>\n","protected":false},"excerpt":{"rendered":"<p>Yungay, martes 18 de agosto 2015: Una muy importante Asesor\u00eda Ministerial para los Establecimientos en Red y Microcentro de Yungay se realizo durante la reciente semana, la cu\u00e1l se llevo cabo en la Sala&#46;&#46;&#46;<\/p>\n","protected":false},"author":2,"featured_media":13326,"comment_status":"open","ping_status":"open","sticky":false,"template":"","format":"standard","meta":{"footnotes":""},"categories":[1],"tags":[355,1115,8,6],"class_list":["post-13324","post","type-post","status-publish","format-standard","has-post-thumbnail","hentry","category-noticias","tag-daem","tag-noticias","tag-yungay","tag-yungayino"],"_links":{"self":[{"href":"https:\/\/www.yungayino.cl\/noticias\/index.php?rest_route=\/wp\/v2\/posts\/13324","targetHints":{"allow":["GET"]}}],"collection":[{"href":"https:\/\/www.yungayino.cl\/noticias\/index.php?rest_route=\/wp\/v2\/posts"}],"about":[{"href":"https:\/\/www.yungayino.cl\/noticias\/index.php?rest_route=\/wp\/v2\/types\/post"}],"author":[{"embeddable":true,"href":"https:\/\/www.yungayino.cl\/noticias\/index.php?rest_route=\/wp\/v2\/users\/2"}],"replies":[{"embeddable":true,"href":"https:\/\/www.yungayino.cl\/noticias\/index.php?rest_route=%2Fwp%2Fv2%2Fcomments&post=13324"}],"version-history":[{"count":2,"href":"https:\/\/www.yungayino.cl\/noticias\/index.php?rest_route=\/wp\/v2\/posts\/13324\/revisions"}],"predecessor-version":[{"id":13328,"href":"https:\/\/www.yungayino.cl\/noticias\/index.php?rest_route=\/wp\/v2\/posts\/13324\/revisions\/13328"}],"wp:featuredmedia":[{"embeddable":true,"href":"https:\/\/www.yungayino.cl\/noticias\/index.php?rest_route=\/wp\/v2\/media\/13326"}],"wp:attachment":[{"href":"https:\/\/www.yungayino.cl\/noticias\/index.php?rest_route=%2Fwp%2Fv2%2Fmedia&parent=13324"}],"wp:term":[{"taxonomy":"category","embeddable":true,"href":"https:\/\/www.yungayino.cl\/noticias\/index.php?rest_route=%2Fwp%2Fv2%2Fcategories&post=13324"},{"taxonomy":"post_tag","embeddable":true,"href":"https:\/\/www.yungayino.cl\/noticias\/index.php?rest_route=%2Fwp%2Fv2%2Ftags&post=13324"}],"curies":[{"name":"wp","href":"https:\/\/api.w.org\/{rel}","templated":true}]}}