{"id":13329,"date":"2015-08-17T22:00:56","date_gmt":"2015-08-18T01:00:56","guid":{"rendered":"http:\/\/www.yungayino.cl\/noticias\/?p=13329"},"modified":"2015-08-18T22:46:13","modified_gmt":"2015-08-19T01:46:13","slug":"yungay-logra-importante-apoyo-para-ser-la-capital-provincial","status":"publish","type":"post","link":"https:\/\/www.yungayino.cl\/noticias\/?p=13329","title":{"rendered":"Yungay Logra Importante Apoyo Para Ser la Capital Provincial"},"content":{"rendered":"<p style=\"text-align: justify;\">Yungay, lunes 17 de agosto 2015: A solo 3 d\u00edas que la Presidenta Michel Bachelet firme el proyecto de ley que promueve que \u00d1uble se transforme en regi\u00f3n, el comit\u00e9 Yungay Capital no descansa.<\/p>\n<p style=\"text-align: justify;\">A eso de las 17:30 en dependencias del Ex Congreso Nacional, Rodrigo Stuardo, Secretario Ejecutivo del Comit\u00e9 Yungayino se reuni\u00f3 con el Diputado Sergio Aguil\u00f3, quien integra la comisi\u00f3n de gobierno interior, de esta manera se da el puntapi\u00e9 inicial de la etapa m\u00e1s importante para la denominaci\u00f3n de la capital de la Provincia de Diguill\u00edn. Con argumentos s\u00f3lidos y contundentes, Rodrigo Stuardo expuso al Diputado el porqu\u00e9 Yungay debe ser la capital de la provincia.<\/p>\n<p style=\"text-align: justify;\">Descentralizaci\u00f3n, experiencia comunitaria, conectividad, desarrollo social, energ\u00eda, agro industria, forestal, comercio e industria y muchas otras bondades que ofrece Yungay fueron los argumentos utilizados para captar la atenci\u00f3n de Aguil\u00f3 y logran sumar el primer gran apoyo para la causa de Yungay.<\/p>\n<p style=\"text-align: justify;\">\u201cQuiero mandarle un saludo a todos los vecinos, a todos los ciudadanos, a todas las familias de Yungay y decirles que yo como Diputado de la Comisi\u00f3n de Gobierno Interior estoy comprometido con este comit\u00e9 porque tiene muy buenos argumentos para que apoyemos a Yungay como capital de la Provincia\u201d dijo el Diputado Aguil\u00f3<\/p>\n<p style=\"text-align: justify;\">Finalmente de esa manera el Diputado comprometi\u00f3 su apoyo para que Yungay sea la Capital de la Provincia de Diguill\u00edn<\/p>\n<p style=\"text-align: justify;\">[su_button url=\u00bbhttps:\/\/www.facebook.com\/media\/set\/?set=a.1129842167030821.1073742555.159561284058919&amp;type=1&#8243; target=\u00bbblank\u00bb size=\u00bb7&#8243; radius=\u00bbround\u00bb icon=\u00bbicon: camera-retro\u00bb]Fotograf\u00edas &#8211; Yungay Logra Importante Apoyo Para Ser la Capital Provincial[\/su_button]<\/p>\n","protected":false},"excerpt":{"rendered":"<p>Yungay, lunes 17 de agosto 2015: A solo 3 d\u00edas que la Presidenta Michel Bachelet firme el proyecto de ley que promueve que \u00d1uble se transforme en regi\u00f3n, el comit\u00e9 Yungay Capital no descansa.&#46;&#46;&#46;<\/p>\n","protected":false},"author":2,"featured_media":13333,"comment_status":"open","ping_status":"open","sticky":false,"template":"","format":"standard","meta":{"footnotes":""},"categories":[1],"tags":[1115,8,1085,6],"class_list":["post-13329","post","type-post","status-publish","format-standard","has-post-thumbnail","hentry","category-noticias","tag-noticias","tag-yungay","tag-yungay-capital","tag-yungayino"],"_links":{"self":[{"href":"https:\/\/www.yungayino.cl\/noticias\/index.php?rest_route=\/wp\/v2\/posts\/13329","targetHints":{"allow":["GET"]}}],"collection":[{"href":"https:\/\/www.yungayino.cl\/noticias\/index.php?rest_route=\/wp\/v2\/posts"}],"about":[{"href":"https:\/\/www.yungayino.cl\/noticias\/index.php?rest_route=\/wp\/v2\/types\/post"}],"author":[{"embeddable":true,"href":"https:\/\/www.yungayino.cl\/noticias\/index.php?rest_route=\/wp\/v2\/users\/2"}],"replies":[{"embeddable":true,"href":"https:\/\/www.yungayino.cl\/noticias\/index.php?rest_route=%2Fwp%2Fv2%2Fcomments&post=13329"}],"version-history":[{"count":3,"href":"https:\/\/www.yungayino.cl\/noticias\/index.php?rest_route=\/wp\/v2\/posts\/13329\/revisions"}],"predecessor-version":[{"id":13332,"href":"https:\/\/www.yungayino.cl\/noticias\/index.php?rest_route=\/wp\/v2\/posts\/13329\/revisions\/13332"}],"wp:featuredmedia":[{"embeddable":true,"href":"https:\/\/www.yungayino.cl\/noticias\/index.php?rest_route=\/wp\/v2\/media\/13333"}],"wp:attachment":[{"href":"https:\/\/www.yungayino.cl\/noticias\/index.php?rest_route=%2Fwp%2Fv2%2Fmedia&parent=13329"}],"wp:term":[{"taxonomy":"category","embeddable":true,"href":"https:\/\/www.yungayino.cl\/noticias\/index.php?rest_route=%2Fwp%2Fv2%2Fcategories&post=13329"},{"taxonomy":"post_tag","embeddable":true,"href":"https:\/\/www.yungayino.cl\/noticias\/index.php?rest_route=%2Fwp%2Fv2%2Ftags&post=13329"}],"curies":[{"name":"wp","href":"https:\/\/api.w.org\/{rel}","templated":true}]}}