{"id":13342,"date":"2015-08-19T22:00:57","date_gmt":"2015-08-20T01:00:57","guid":{"rendered":"http:\/\/www.yungayino.cl\/noticias\/?p=13342"},"modified":"2015-09-04T17:12:51","modified_gmt":"2015-09-04T20:12:51","slug":"con-gran-entusiasmo-adultos-mayores-de-yungay-participaron-en-com","status":"publish","type":"post","link":"https:\/\/www.yungayino.cl\/noticias\/?p=13342","title":{"rendered":"Con Gran Entusiasmo Adultos Mayores de Yungay Participaron en Campeonato Comunal de Cueca"},"content":{"rendered":"<p style=\"text-align: justify;\">Yungay, mi\u00e9rcoles 19 de agosto 2015: Con mucho entusiasmo participaron los adultos mayores de nuestra comuna en el Campeonato Comunal de Cueca 2015, el cu\u00e1l se llevo a cabo en las dependencias del Gimnasio Multiuso.<\/p>\n<p style=\"text-align: justify;\">El evento que fue organizado por el Municipio cont\u00f3 con la participaci\u00f3n de ocho parejas, las cuales fueron evaluadas por el jurado compuesto por Carolina Henr\u00edquez, Pilar Aedo y Jaime de la Fuente Salazar. El campeonato fue animado por Andr\u00e9s Mosquera de la vecina comuna de Tucapel y la parte musical estuvo amenizado por el Conjunto Folcl\u00f3rico Copihual de la ciudad de Los \u00c1ngeles.<\/p>\n<p style=\"text-align: justify;\">La tradicional actividad cont\u00f3 con la asistencia del alcalde Pedro Inostroza Valenzuela, los concejales Juan Quezada, Rafael Cifuentes, Ang\u00e9lica Cabezas y la Directora Dideco (s) Tania Jorquera, quienes tambi\u00e9n participaron junto al p\u00fablico asistente bailando el baile nacional.<\/p>\n<p style=\"text-align: justify;\">Pedro Inostroza Valenzuela, felicit\u00f3 a las parejas participantes y destaco el inter\u00e9s de participar en esta actividad tan linda, como es nuestro baile tradicional chileno, tambi\u00e9n se\u00f1alo que este es el inicio de las actividades que vienen en el ya cercano mes de la patria como lo es septiembre, donde el municipio esta organizando un variado programa para que toda la comunidad participe.<\/p>\n<p style=\"text-align: justify;\">Finalmente el jurado seleccion\u00f3 a los tres primeros lugares del Campeonato Comunal de Cueca Adulto Mayor de la comuna de Yungay, quedando en primer lugar la pareja compuesta por <strong>Trinidad Hern\u00e1ndez Su\u00e1rez y Jorge Vera Saavedra, <\/strong>quienes nos representar\u00e1n en el Provincial que se disputar\u00e1 en la comuna de Quirihue.<\/p>\n<ul style=\"text-align: justify;\">\n<li>1\u00b0 Lugar :<strong>Trinidad Hern\u00e1ndez Su\u00e1rez y Jorge Vera Saavedra<\/strong><\/li>\n<li><strong>2\u00b0 Lugar: Eliana Romero Perez y Juan Francisco Figueroa<\/strong><\/li>\n<li>3\u00b0 Lugar: Eliana Brevis Henr\u00edquez y Alicio Flores Perez<\/li>\n<\/ul>\n<p style=\"text-align: justify;\"><a href=\"https:\/\/www.facebook.com\/media\/set\/?set=a.1130717240276647.1073742557.159561284058919&amp;type=1\">Fotograf\u00edas &#8211; Con Gran Entusiasmo Adultos Mayores de Yungay Participaron en Comunal de Cueca 2015<\/a><\/p>\n","protected":false},"excerpt":{"rendered":"<p>Yungay, mi\u00e9rcoles 19 de agosto 2015: Con mucho entusiasmo participaron los adultos mayores de nuestra comuna en el Campeonato Comunal de Cueca 2015, el cu\u00e1l se llevo a cabo en las dependencias del Gimnasio&#46;&#46;&#46;<\/p>\n","protected":false},"author":2,"featured_media":13343,"comment_status":"open","ping_status":"open","sticky":false,"template":"","format":"standard","meta":{"footnotes":""},"categories":[3,5,1],"tags":[57,758,1115,8,6],"class_list":["post-13342","post","type-post","status-publish","format-standard","has-post-thumbnail","hentry","category-actualidad","category-eventos","category-noticias","tag-adultos-mayores","tag-comunal-de-cueca","tag-noticias","tag-yungay","tag-yungayino"],"_links":{"self":[{"href":"https:\/\/www.yungayino.cl\/noticias\/index.php?rest_route=\/wp\/v2\/posts\/13342","targetHints":{"allow":["GET"]}}],"collection":[{"href":"https:\/\/www.yungayino.cl\/noticias\/index.php?rest_route=\/wp\/v2\/posts"}],"about":[{"href":"https:\/\/www.yungayino.cl\/noticias\/index.php?rest_route=\/wp\/v2\/types\/post"}],"author":[{"embeddable":true,"href":"https:\/\/www.yungayino.cl\/noticias\/index.php?rest_route=\/wp\/v2\/users\/2"}],"replies":[{"embeddable":true,"href":"https:\/\/www.yungayino.cl\/noticias\/index.php?rest_route=%2Fwp%2Fv2%2Fcomments&post=13342"}],"version-history":[{"count":3,"href":"https:\/\/www.yungayino.cl\/noticias\/index.php?rest_route=\/wp\/v2\/posts\/13342\/revisions"}],"predecessor-version":[{"id":13455,"href":"https:\/\/www.yungayino.cl\/noticias\/index.php?rest_route=\/wp\/v2\/posts\/13342\/revisions\/13455"}],"wp:featuredmedia":[{"embeddable":true,"href":"https:\/\/www.yungayino.cl\/noticias\/index.php?rest_route=\/wp\/v2\/media\/13343"}],"wp:attachment":[{"href":"https:\/\/www.yungayino.cl\/noticias\/index.php?rest_route=%2Fwp%2Fv2%2Fmedia&parent=13342"}],"wp:term":[{"taxonomy":"category","embeddable":true,"href":"https:\/\/www.yungayino.cl\/noticias\/index.php?rest_route=%2Fwp%2Fv2%2Fcategories&post=13342"},{"taxonomy":"post_tag","embeddable":true,"href":"https:\/\/www.yungayino.cl\/noticias\/index.php?rest_route=%2Fwp%2Fv2%2Ftags&post=13342"}],"curies":[{"name":"wp","href":"https:\/\/api.w.org\/{rel}","templated":true}]}}