{"id":13346,"date":"2015-08-19T23:00:07","date_gmt":"2015-08-20T02:00:07","guid":{"rendered":"http:\/\/www.yungayino.cl\/noticias\/?p=13346"},"modified":"2015-08-20T22:16:41","modified_gmt":"2015-08-21T01:16:41","slug":"artesanos-y-emprendedores-de-yungay-participan-de-segunda-feria-pro-region-del-nuble","status":"publish","type":"post","link":"https:\/\/www.yungayino.cl\/noticias\/?p=13346","title":{"rendered":"Artesanos y Emprendedores de Yungay Participan de Segunda Feria Pro Regi\u00f3n del \u00d1uble"},"content":{"rendered":"<p style=\"text-align: justify;\">Yungay, mi\u00e9rcoles 19 de agosto 2015: Artesanos y Emprendedores de Yungay participaron de la \u201cSegunda Feria Pro Regi\u00f3n del \u00d1uble\u201d realizada en la comuna de Chill\u00e1n.<\/p>\n<p style=\"text-align: justify;\">El alcalde Sergio Zarzar y sus pares de Pemuco, Jacqueline Gu\u00ed\u00f1ez N\u00fa\u00f1ez, y de San Carlos, Hugo Naim Gebrie, fueron los encargados de inaugurar la Segunda Feria Pro Regi\u00f3n de \u00d1uble, instancia donde lo mejor de la producci\u00f3n de las 21 comunas de la hasta ahora provincia es ofrecido a toda la comunidad.<\/p>\n<p style=\"text-align: justify;\">Se\u00f1alar que por segundo a\u00f1o consecutivo los municipios se unieron en esta feria que busco posicionar a \u00d1uble y de paso mostrar la uni\u00f3n de las comunas en este sue\u00f1o que se concreto con la firma del proyecto de ley que deber\u00e1 ser ratificado pronto por el legislativo.<\/p>\n<p style=\"text-align: justify;\">Finalmente Miguel Mart\u00ednez, Encargado de Turismo y Gesti\u00f3n Cultural de la Ilustre Municipalidad de Yungay, se\u00f1alo al Equipo del Portal Yungayino.cl que esta participaci\u00f3n de artesanos y emprendedores son parte de las actividades para mostrar a la comunidad lo mejor de nuestra comuna, donde tambi\u00e9n se destaco la participaci\u00f3n del conocido artesano yungayino \u201cChano\u201d Anabal\u00f3n con sus tallados de madera y su participaci\u00f3n art\u00edstica con lo mejor de nuestro folclor.<\/p>\n<p style=\"text-align: justify;\"><a href=\"https:\/\/www.facebook.com\/media\/set\/?set=a.1130901460258225.1073742558.159561284058919&amp;type=1\">Fotograf\u00edas &#8211; Artesanos y Emprendedores de Yungay Participan de Segunda Feria Pro Regi\u00f3n del \u00d1uble<\/a><\/p>\n","protected":false},"excerpt":{"rendered":"<p>Yungay, mi\u00e9rcoles 19 de agosto 2015: Artesanos y Emprendedores de Yungay participaron de la \u201cSegunda Feria Pro Regi\u00f3n del \u00d1uble\u201d realizada en la comuna de Chill\u00e1n. El alcalde Sergio Zarzar y sus pares de&#46;&#46;&#46;<\/p>\n","protected":false},"author":2,"featured_media":13348,"comment_status":"open","ping_status":"open","sticky":false,"template":"","format":"standard","meta":{"footnotes":""},"categories":[1],"tags":[623,1115,1122,8,6],"class_list":["post-13346","post","type-post","status-publish","format-standard","has-post-thumbnail","hentry","category-noticias","tag-artesanos","tag-noticias","tag-segunda-feria-pro-region-nuble","tag-yungay","tag-yungayino"],"_links":{"self":[{"href":"https:\/\/www.yungayino.cl\/noticias\/index.php?rest_route=\/wp\/v2\/posts\/13346","targetHints":{"allow":["GET"]}}],"collection":[{"href":"https:\/\/www.yungayino.cl\/noticias\/index.php?rest_route=\/wp\/v2\/posts"}],"about":[{"href":"https:\/\/www.yungayino.cl\/noticias\/index.php?rest_route=\/wp\/v2\/types\/post"}],"author":[{"embeddable":true,"href":"https:\/\/www.yungayino.cl\/noticias\/index.php?rest_route=\/wp\/v2\/users\/2"}],"replies":[{"embeddable":true,"href":"https:\/\/www.yungayino.cl\/noticias\/index.php?rest_route=%2Fwp%2Fv2%2Fcomments&post=13346"}],"version-history":[{"count":2,"href":"https:\/\/www.yungayino.cl\/noticias\/index.php?rest_route=\/wp\/v2\/posts\/13346\/revisions"}],"predecessor-version":[{"id":13350,"href":"https:\/\/www.yungayino.cl\/noticias\/index.php?rest_route=\/wp\/v2\/posts\/13346\/revisions\/13350"}],"wp:featuredmedia":[{"embeddable":true,"href":"https:\/\/www.yungayino.cl\/noticias\/index.php?rest_route=\/wp\/v2\/media\/13348"}],"wp:attachment":[{"href":"https:\/\/www.yungayino.cl\/noticias\/index.php?rest_route=%2Fwp%2Fv2%2Fmedia&parent=13346"}],"wp:term":[{"taxonomy":"category","embeddable":true,"href":"https:\/\/www.yungayino.cl\/noticias\/index.php?rest_route=%2Fwp%2Fv2%2Fcategories&post=13346"},{"taxonomy":"post_tag","embeddable":true,"href":"https:\/\/www.yungayino.cl\/noticias\/index.php?rest_route=%2Fwp%2Fv2%2Ftags&post=13346"}],"curies":[{"name":"wp","href":"https:\/\/api.w.org\/{rel}","templated":true}]}}