{"id":1338,"date":"2009-06-29T20:00:54","date_gmt":"2009-06-30T00:00:54","guid":{"rendered":"http:\/\/www.yungayino.cl\/noticias\/?p=1338"},"modified":"2009-06-29T21:09:20","modified_gmt":"2009-06-30T01:09:20","slug":"cuadragesimo-octavo-aniversario-del-cuerpo-bomberos-de-yungay","status":"publish","type":"post","link":"https:\/\/www.yungayino.cl\/noticias\/?p=1338","title":{"rendered":"Cuadrag\u00e9simo Octavo Aniversario del Cuerpo Bomberos de Yungay"},"content":{"rendered":"<p><img decoding=\"async\" src=\"http:\/\/www.yungayino.cl\/imagenes\/20090628.jpg\" alt=\"Cuadrag\u00e9simo Octavo Aniversario del Cuerpo Bomberos de Yungay\" \/><\/p>\n<p align=\"justify\"><font size=\"2\">Domingo 28 de junio a las 19:00 horas, en la Escuela Fernando Baquedano se realiz\u00f3 la sesi\u00f3n solemne conmemorativa del cuadrag\u00e9simo octavo aniversario del Cuerpo de Bomberos de Yungay. Asistieron a dicha ceremonia el Alcalde Pedro Inostroza, Diputados de la Rep\u00fablica, Concejales, Teniente de Carabineros, Oficiales de Compa\u00f1\u00edas, Invitados especiales, Voluntarios, voluntarias y p\u00fablico en general. En un nuevo aniversario se hizo un reconocimiento por los a\u00f1os de servicios con la entrega de las medallas la cual es el orgullo m\u00e1s grande para los voluntarios y as\u00ed poder lucirla en su traje de parada. Fue as\u00ed como el Comandante Pedro Carrasco Mieres hizo entrega de las medallas por a\u00f1os de servicios a los familiares quienes colocaron tan importante distinci\u00f3n a los siguientes voluntarios:<br \/>\n<\/br><br \/>\n        <strong>5 a\u00f1os de servicios<\/strong><br \/>\n&#8211; Flavio Riquelme Mardones (2da. Compa\u00f1\u00eda)<br \/>\n&#8211; Lu\u00eds Jim\u00e9nez Burgos (4ta. Compa\u00f1\u00eda)<br \/>\n&#8211; Eugenio Tari Ortega (4ta. Compa\u00f1\u00eda)<br \/>\n\t<strong>10 a\u00f1os de servicios<\/strong><br \/>\n&#8211; Elisa Araneda Cuevas (2da. Compa\u00f1\u00eda)<br \/>\n&#8211; Francisco Hormaz\u00e1bal Mu\u00f1oz (2da. Compa\u00f1\u00eda)<br \/>\n&#8211; Cristian Aviles Ulloa (3ra. Compa\u00f1\u00eda)<br \/>\n&#8211; Jos\u00e9 Arroyo Alarc\u00f3n (4ta. Compa\u00f1\u00eda)<br \/>\n&#8211; Manuel Carrasco Mieres (4ta. Compa\u00f1\u00eda)<br \/>\n&#8211; Daniel Gutierrez Vega (4ta. Compa\u00f1\u00eda)<br \/>\n&#8211; Paulo Suarez Zapata (4ta. Compa\u00f1\u00eda)<br \/>\n\t<strong>15 a\u00f1os de servicios <\/strong><br \/>\n&#8211; Ra\u00fal Silva Monetro (2da. Compa\u00f1\u00eda)<br \/>\n&#8211; Alejandro Cifuentes Rodr\u00edguez (2da. Compa\u00f1\u00eda)<br \/>\n\t<strong>20 a\u00f1os de servicios<\/strong><br \/>\n&#8211; Eduardo Salas Mateluna (4ta. Compa\u00f1\u00eda)<br \/>\n\t<strong>35 a\u00f1os de servicios<\/strong><br \/>\n&#8211; F\u00e9lix Polanco Mesa (2da. Compa\u00f1\u00eda)<br \/>\n&#8211; Gumersindo Burgos (2da. Compa\u00f1\u00eda)<br \/>\n<\/br><br \/>\n Cabe destacar que se hizo entrega del nuevo reglamento que regir\u00e1 los destinos de esta gran Instituci\u00f3n por los a\u00f1os venideros, ya que el actual reglamento data del a\u00f1o 1961, este reglamento fue aprobado por el Directorio General en sesi\u00f3n extraordinaria realizada el d\u00eda 20 de junio de 2009. Finalmente la ceremonia concluy\u00f3 con un c\u00f3ctel de camarader\u00eda para todos los asistentes.<br \/>\n<a href=\"http:\/\/www.yungayino.cl\/noticias\/?p=1338#comments\">Comente Aqu\u00ed<\/a><br \/>\n<a href=\"http:\/\/www.flickr.com\/photos\/37962920@N03\/tags\/aniversarion%C2%BA48bomberos\/\">Fotograf\u00edas<\/a><\/font><\/p>\n","protected":false},"excerpt":{"rendered":"<p>Domingo 28 de junio a las 19:00 horas, en la Escuela Fernando Baquedano se realiz\u00f3 la sesi\u00f3n solemne conmemorativa del cuadrag\u00e9simo octavo aniversario del Cuerpo de Bomberos de Yungay. Asistieron a dicha ceremonia el&#46;&#46;&#46;<\/p>\n","protected":false},"author":2,"featured_media":15034,"comment_status":"open","ping_status":"open","sticky":false,"template":"","format":"standard","meta":{"footnotes":""},"categories":[1],"tags":[37,1115,8,6],"class_list":["post-1338","post","type-post","status-publish","format-standard","has-post-thumbnail","hentry","category-noticias","tag-bomberos","tag-noticias","tag-yungay","tag-yungayino"],"_links":{"self":[{"href":"https:\/\/www.yungayino.cl\/noticias\/index.php?rest_route=\/wp\/v2\/posts\/1338","targetHints":{"allow":["GET"]}}],"collection":[{"href":"https:\/\/www.yungayino.cl\/noticias\/index.php?rest_route=\/wp\/v2\/posts"}],"about":[{"href":"https:\/\/www.yungayino.cl\/noticias\/index.php?rest_route=\/wp\/v2\/types\/post"}],"author":[{"embeddable":true,"href":"https:\/\/www.yungayino.cl\/noticias\/index.php?rest_route=\/wp\/v2\/users\/2"}],"replies":[{"embeddable":true,"href":"https:\/\/www.yungayino.cl\/noticias\/index.php?rest_route=%2Fwp%2Fv2%2Fcomments&post=1338"}],"version-history":[{"count":10,"href":"https:\/\/www.yungayino.cl\/noticias\/index.php?rest_route=\/wp\/v2\/posts\/1338\/revisions"}],"predecessor-version":[{"id":1358,"href":"https:\/\/www.yungayino.cl\/noticias\/index.php?rest_route=\/wp\/v2\/posts\/1338\/revisions\/1358"}],"wp:featuredmedia":[{"embeddable":true,"href":"https:\/\/www.yungayino.cl\/noticias\/index.php?rest_route=\/wp\/v2\/media\/15034"}],"wp:attachment":[{"href":"https:\/\/www.yungayino.cl\/noticias\/index.php?rest_route=%2Fwp%2Fv2%2Fmedia&parent=1338"}],"wp:term":[{"taxonomy":"category","embeddable":true,"href":"https:\/\/www.yungayino.cl\/noticias\/index.php?rest_route=%2Fwp%2Fv2%2Fcategories&post=1338"},{"taxonomy":"post_tag","embeddable":true,"href":"https:\/\/www.yungayino.cl\/noticias\/index.php?rest_route=%2Fwp%2Fv2%2Ftags&post=1338"}],"curies":[{"name":"wp","href":"https:\/\/api.w.org\/{rel}","templated":true}]}}