{"id":13388,"date":"2015-08-24T20:00:41","date_gmt":"2015-08-24T23:00:41","guid":{"rendered":"http:\/\/www.yungayino.cl\/noticias\/?p=13388"},"modified":"2015-08-24T22:09:36","modified_gmt":"2015-08-25T01:09:36","slug":"mujeres-emprendedoras-del-sector-ranchillo-bajo-adquieren-maquinas-de-coser-para-fortalecer-sus-negocios","status":"publish","type":"post","link":"https:\/\/www.yungayino.cl\/noticias\/?p=13388","title":{"rendered":"Mujeres Emprendedoras del Sector Ranchillo Bajo Adquieren M\u00e1quinas de Coser Para Fortalecer sus Negocios"},"content":{"rendered":"<p style=\"text-align: justify;\">Yungay, lunes 24 de agosto 2015: El Taller de Costuras del Sector Ranchillo Bajo compuesto por mujeres esforzadas y emprendedoras de nuestra comuna realizaron este s\u00e1bado 22 en la Sede Social del Sector Ranchillo Bajo una actividad de recepci\u00f3n de m\u00e1quinas de cocer, las cuales fueron adquiridas con mucho esfuerzo por cada una de las participantes de dicho Taller.<\/p>\n<p style=\"text-align: justify;\">La actividad cont\u00f3 con la participaci\u00f3n del alcalde Pedro Inostroza Valenzuela, la concejala Ang\u00e9lica Cabezas, la Presidenta de la Uni\u00f3n Comunal de Juntas de Vecinos de Yungay, Ang\u00e9lica Mart\u00ednez, Vecinos del Sector e Invitados Especiales, quienes felicitaron a todas estas mujeres de gran esfuerzo y luchadoras por este gran logro cumplido que le permitir\u00e1 en el futuro mejorar su emprendimiento y otorgar herramientas que permitan el crecimiento de su trabajo.<\/p>\n<p style=\"text-align: justify;\">En la Ceremonia el alcalde Pedro Inostroza, reitero sus felicitaciones a las emprendedoras del rubro de la costura y se\u00f1alo que el municipio siempre las apoyar\u00e1 para que sigan creciendo y desarroll\u00e1ndose como emprendedora y futuras empresarias, destaco tambi\u00e9n que el municipio seguir\u00e1 creando programas y proyectos que permitan favorecer a los vecinos m\u00e1s vulnerables de la comuna.<\/p>\n<p style=\"text-align: justify;\">Por su parte la Monitora del Taller Cecilia L\u00f3pez Z\u00fa\u00f1iga, se\u00f1alo al Equipo del Portal Yungayino.cl su alegr\u00eda y satisfacci\u00f3n por la adquisici\u00f3n de estas m\u00e1quinas de coser, la cuales fueron compradas por cada una de ellas con un gran esfuerzo, luego de trabajar por mucho tiempo reuniendo fonos a trav\u00e9s de venta de empanadas, bingos, rifas etc. y lo que les permitir\u00e1 tener un oficio, adem\u00e1s de aumentar sus ingresos econ\u00f3micos. Tambi\u00e9n destaco el apoyo dado por el alcalde y el municipio as\u00ed como expreso sus agradecimiento a todos los presentes en la actividad y a los que colaboraron con su granito de arena para concretar esta adquisici\u00f3n de maquinas de cocer, que les permitir\u00e1 so\u00f1ar con el crecimiento y formarse en empresarias del rubro de la costura.<\/p>\n<p style=\"text-align: justify;\">Finalmente los presentes compartieron un coctel para celebrar este hermoso momento.<\/p>\n<p style=\"text-align: justify;\"><a href=\"https:\/\/www.facebook.com\/media\/set\/?set=a.1133083843373320.1073742568.159561284058919&amp;type=1\">Fotograf\u00edas &#8211; Mujeres Emprendedoras del Sector Ranchillo Bajo Adquieren M\u00e1quinas de Coser Para Fortalecer sus Negocios<\/a><\/p>\n","protected":false},"excerpt":{"rendered":"<p>Yungay, lunes 24 de agosto 2015: El Taller de Costuras del Sector Ranchillo Bajo compuesto por mujeres esforzadas y emprendedoras de nuestra comuna realizaron este s\u00e1bado 22 en la Sede Social del Sector Ranchillo&#46;&#46;&#46;<\/p>\n","protected":false},"author":2,"featured_media":13389,"comment_status":"open","ping_status":"open","sticky":false,"template":"","format":"standard","meta":{"footnotes":""},"categories":[1],"tags":[1130,1115,78,8,6],"class_list":["post-13388","post","type-post","status-publish","format-standard","has-post-thumbnail","hentry","category-noticias","tag-maquinas-de-coser","tag-noticias","tag-ranchillo-bajo","tag-yungay","tag-yungayino"],"_links":{"self":[{"href":"https:\/\/www.yungayino.cl\/noticias\/index.php?rest_route=\/wp\/v2\/posts\/13388","targetHints":{"allow":["GET"]}}],"collection":[{"href":"https:\/\/www.yungayino.cl\/noticias\/index.php?rest_route=\/wp\/v2\/posts"}],"about":[{"href":"https:\/\/www.yungayino.cl\/noticias\/index.php?rest_route=\/wp\/v2\/types\/post"}],"author":[{"embeddable":true,"href":"https:\/\/www.yungayino.cl\/noticias\/index.php?rest_route=\/wp\/v2\/users\/2"}],"replies":[{"embeddable":true,"href":"https:\/\/www.yungayino.cl\/noticias\/index.php?rest_route=%2Fwp%2Fv2%2Fcomments&post=13388"}],"version-history":[{"count":2,"href":"https:\/\/www.yungayino.cl\/noticias\/index.php?rest_route=\/wp\/v2\/posts\/13388\/revisions"}],"predecessor-version":[{"id":13391,"href":"https:\/\/www.yungayino.cl\/noticias\/index.php?rest_route=\/wp\/v2\/posts\/13388\/revisions\/13391"}],"wp:featuredmedia":[{"embeddable":true,"href":"https:\/\/www.yungayino.cl\/noticias\/index.php?rest_route=\/wp\/v2\/media\/13389"}],"wp:attachment":[{"href":"https:\/\/www.yungayino.cl\/noticias\/index.php?rest_route=%2Fwp%2Fv2%2Fmedia&parent=13388"}],"wp:term":[{"taxonomy":"category","embeddable":true,"href":"https:\/\/www.yungayino.cl\/noticias\/index.php?rest_route=%2Fwp%2Fv2%2Fcategories&post=13388"},{"taxonomy":"post_tag","embeddable":true,"href":"https:\/\/www.yungayino.cl\/noticias\/index.php?rest_route=%2Fwp%2Fv2%2Ftags&post=13388"}],"curies":[{"name":"wp","href":"https:\/\/api.w.org\/{rel}","templated":true}]}}