{"id":13416,"date":"2015-08-30T20:00:51","date_gmt":"2015-08-30T23:00:51","guid":{"rendered":"http:\/\/www.yungayino.cl\/noticias\/?p=13416"},"modified":"2015-08-31T08:15:59","modified_gmt":"2015-08-31T11:15:59","slug":"docentes-alemanes-del-programa-profesores-sin-frontera-compartieron-experiencias-pedagogicas-con-docentes-de-yungay","status":"publish","type":"post","link":"https:\/\/www.yungayino.cl\/noticias\/?p=13416","title":{"rendered":"Docentes Alemanes del Programa \u201cProfesores Sin Frontera\u201d Compartieron Experiencias Pedag\u00f3gicas con Docentes de Yungay"},"content":{"rendered":"<p style=\"text-align: justify;\">Yungay, agosto 2015: Una experiencia enriquecedora vivieron diferentes docentes de la educaci\u00f3n de nuestra comuna al compartir una jornada de estudio junto a una delegaci\u00f3n de profesores alemanes que pertenecen al programa \u201cProfesores Sin Frontera\u201d, del Instituto Paulo Freire de la Universidad Libre de Berl\u00edn.<\/p>\n<p style=\"text-align: justify;\">Los profesores estuvieron durante la semana pasada en Yungay para compartir experiencias pedag\u00f3gicas y desarrollar diversos talleres, adem\u00e1s de conversaciones relacionadas a la calidad educativa, la inclusi\u00f3n, la construcci\u00f3n del conocimiento intercultural y la ludopedagog\u00eda, entre otros temas.<\/p>\n<p style=\"text-align: justify;\">Durante la primera actividad en nuestra comuna, la cu\u00e1l se llevo a cabo en las dependencias de la Biblioteca P\u00fablica, y donde dieron la bienvenida el alcalde Pedro Inostroza, la Directora Daem, Eugenia L\u00f3pez junto a invitados especiales y docentes de la comuna, los Profesores sin Fronteras, Waltraud Moede, Norbert Moede, Ursula Klesing Rempel e Ilse Schimpf-Herken presentaron el tema <strong>\u201cContinuidad y ruptura: la Reforma Educativa \u00bfQu\u00e9 educaci\u00f3n queremos?<\/strong><\/p>\n<p style=\"text-align: justify;\"><strong>\u00a0<\/strong><\/p>\n<p style=\"text-align: justify;\">Finalmente se\u00f1alar que los docentes alemanes tambi\u00e9n visitaron la Escuela Rural G-371 de Los Mayos, donde fueron recibidos por su Director H\u00e9ctor Molina y todos sus docentes para compartir una nueva jornada con la participaci\u00f3n de toda la comunidad educativa, adem\u00e1s de compartir con los ni\u00f1os (as), as\u00ed tambi\u00e9n mencionar la realizaci\u00f3n de Talleres y Reflexi\u00f3n con los docentes de la Escuela Fernando Baquedano, entre otras de la actividades realizadas en su visita a nuestra comuna.<\/p>\n<p style=\"text-align: justify;\"><a href=\"https:\/\/www.facebook.com\/media\/set\/?set=a.1136663799681991.1073742574.159561284058919&amp;type=1\">FOTOFRAF\u00cdAS &#8211; Docentes Alemanes del <em>Programa \u201cProfesores Sin Frontera\u201d<\/em> Compartieron Experiencias Pedag\u00f3gicas con Docentes de Yungay<\/a><\/p>\n","protected":false},"excerpt":{"rendered":"<p>Yungay, agosto 2015: Una experiencia enriquecedora vivieron diferentes docentes de la educaci\u00f3n de nuestra comuna al compartir una jornada de estudio junto a una delegaci\u00f3n de profesores alemanes que pertenecen al programa \u201cProfesores Sin&#46;&#46;&#46;<\/p>\n","protected":false},"author":2,"featured_media":13418,"comment_status":"open","ping_status":"open","sticky":false,"template":"","format":"standard","meta":{"footnotes":""},"categories":[3,1],"tags":[1115,1132,8,6],"class_list":["post-13416","post","type-post","status-publish","format-standard","has-post-thumbnail","hentry","category-actualidad","category-noticias","tag-noticias","tag-profesores-sin-frontera","tag-yungay","tag-yungayino"],"_links":{"self":[{"href":"https:\/\/www.yungayino.cl\/noticias\/index.php?rest_route=\/wp\/v2\/posts\/13416","targetHints":{"allow":["GET"]}}],"collection":[{"href":"https:\/\/www.yungayino.cl\/noticias\/index.php?rest_route=\/wp\/v2\/posts"}],"about":[{"href":"https:\/\/www.yungayino.cl\/noticias\/index.php?rest_route=\/wp\/v2\/types\/post"}],"author":[{"embeddable":true,"href":"https:\/\/www.yungayino.cl\/noticias\/index.php?rest_route=\/wp\/v2\/users\/2"}],"replies":[{"embeddable":true,"href":"https:\/\/www.yungayino.cl\/noticias\/index.php?rest_route=%2Fwp%2Fv2%2Fcomments&post=13416"}],"version-history":[{"count":2,"href":"https:\/\/www.yungayino.cl\/noticias\/index.php?rest_route=\/wp\/v2\/posts\/13416\/revisions"}],"predecessor-version":[{"id":13420,"href":"https:\/\/www.yungayino.cl\/noticias\/index.php?rest_route=\/wp\/v2\/posts\/13416\/revisions\/13420"}],"wp:featuredmedia":[{"embeddable":true,"href":"https:\/\/www.yungayino.cl\/noticias\/index.php?rest_route=\/wp\/v2\/media\/13418"}],"wp:attachment":[{"href":"https:\/\/www.yungayino.cl\/noticias\/index.php?rest_route=%2Fwp%2Fv2%2Fmedia&parent=13416"}],"wp:term":[{"taxonomy":"category","embeddable":true,"href":"https:\/\/www.yungayino.cl\/noticias\/index.php?rest_route=%2Fwp%2Fv2%2Fcategories&post=13416"},{"taxonomy":"post_tag","embeddable":true,"href":"https:\/\/www.yungayino.cl\/noticias\/index.php?rest_route=%2Fwp%2Fv2%2Ftags&post=13416"}],"curies":[{"name":"wp","href":"https:\/\/api.w.org\/{rel}","templated":true}]}}